{"id":1522,"date":"2023-03-31T09:02:53","date_gmt":"2023-03-31T12:02:53","guid":{"rendered":"https:\/\/www.prppg.ufpr.br\/site\/portalcapacitacao\/?p=1522"},"modified":"2025-02-05T14:39:34","modified_gmt":"2025-02-05T17:39:34","slug":"cursos-disponibilizados-pela-enap-em-rede","status":"publish","type":"post","link":"https:\/\/progepe.ufpr.br\/capacitacao\/cursos-disponibilizados-pela-enap-em-rede\/","title":{"rendered":"Cursos Disponibilizados em Outras Institui\u00e7\u00f5es"},"content":{"rendered":"<p class=\"ContentPasted0\"><strong class=\"ContentPasted0\">A Unidade de Capacita\u00e7\u00e3o e Qualifica\u00e7\u00e3o (UCAQ)<\/strong> informa cursos de capacita\u00e7\u00e3o disponibilizados em outras institui\u00e7\u00f5es, na modalidade EaD (online), eles s\u00e3o v\u00e1lidos para fins de progress\u00e3o por capacita\u00e7\u00e3o desde que seus certificados contenham os dados abaixo:<\/p>\n<p class=\"ContentPasted0\">I \u2013 Nome completo do servidor;<\/p>\n<p class=\"ContentPasted0\">II \u2013 Nome do curso;<\/p>\n<p class=\"ContentPasted0\">III \u2013 Per\u00edodo de realiza\u00e7\u00e3o do curso, contendo data de in\u00edcio e fim do curso;<\/p>\n<p class=\"ContentPasted0\">IV \u2013 Carga hor\u00e1ria, com no m\u00ednimo 20 horas;<\/p>\n<p class=\"ContentPasted0\">V \u2013 Conte\u00fado program\u00e1tico;<\/p>\n<p class=\"ContentPasted0\">VI \u2013 Assinatura da autoridade competente;<\/p>\n<p class=\"ContentPasted0\">VII \u2013 N\u00famero de registro do certificado no \u00f3rg\u00e3o ou entidade que ofereceu o curso; e<\/p>\n<p class=\"ContentPasted0\">VIII \u2013 N\u00famero de inscri\u00e7\u00e3o no cadastro nacional de pessoa jur\u00eddica (CNPJ) da institui\u00e7\u00e3o promotora do curso.<\/p>\n<p>&nbsp;<\/p>\n<p><strong class=\"ContentPasted0\">A Unidade de Capacita\u00e7\u00e3o e Qualifica\u00e7\u00e3o (UCAQ) indica algumas institui\u00e7\u00f5es que oferecem cursos gratuitos (links):<\/strong><\/p>\n<p><a class=\"ContentPasted0\" href=\"https:\/\/enap.gov.br\/pt\/\" data-auth=\"NotApplicable\" data-loopstyle=\"link\">Escola Nacional de Administra\u00e7\u00e3o P\u00fablica \u2013 ENAP<\/a><\/p>\n<p><a class=\"ContentPasted0\" href=\"https:\/\/saberes.senado.leg.br\/\" data-auth=\"NotApplicable\" data-loopstyle=\"link\">Programa Saberes\u00a0 &#8211; Senado Federal\u00a0<\/a><\/p>\n<p class=\"ContentPasted0 ContentPasted1\"><a href=\"https:\/\/www.gov.br\/ibc\/pt-br\">Instituto Benjamin Constant <\/a><\/p>\n<p>&nbsp;<\/p>\n<p class=\"ContentPasted0\">Eventuais d\u00favidas podem ser sanadas na Unidade de Capacita\u00e7\u00e3o e Qualifica\u00e7\u00e3o (UCAQ):<\/p>\n<p class=\"ContentPasted0\">Telefone : (41) 3360-4512<\/p>\n<p class=\"ContentPasted0\">e-mail: ucaq@ufpr.br<\/p>\n","protected":false},"excerpt":{"rendered":"<p>A Unidade de Capacita\u00e7\u00e3o e Qualifica\u00e7\u00e3o (UCAQ) informa cursos de capacita\u00e7\u00e3o disponibilizados em outras institui\u00e7\u00f5es, na modalidade EaD (online), eles s\u00e3o v\u00e1lidos para fins de progress\u00e3o por capacita\u00e7\u00e3o desde que seus certificados contenham os dados abaixo: I \u2013 Nome completo do servidor; II \u2013 Nome do curso; III \u2013 Per\u00edodo de realiza\u00e7\u00e3o do curso, contendo [&hellip;]<\/p>\n","protected":false},"author":41,"featured_media":0,"comment_status":"closed","ping_status":"closed","sticky":false,"template":"","format":"standard","meta":{"_coblocks_attr":"","_coblocks_dimensions":"","_coblocks_responsive_height":"","_coblocks_accordion_ie_support":"","_uag_custom_page_level_css":"","iawp_total_views":218,"footnotes":""},"categories":[323],"tags":[],"class_list":["post-1522","post","type-post","status-publish","format-standard","hentry","category-cursos_outras_instituicoes"],"uagb_featured_image_src":{"full":false,"thumbnail":false,"medium":false,"medium_large":false,"large":false,"1536x1536":false,"2048x2048":false},"uagb_author_info":{"display_name":"progepe-admin","author_link":"https:\/\/progepe.ufpr.br\/capacitacao\/author\/progepe-admin\/"},"uagb_comment_info":0,"uagb_excerpt":"A Unidade de Capacita\u00e7\u00e3o e Qualifica\u00e7\u00e3o (UCAQ) informa cursos de capacita\u00e7\u00e3o disponibilizados em outras institui\u00e7\u00f5es, na modalidade EaD (online), eles s\u00e3o v\u00e1lidos para fins de progress\u00e3o por capacita\u00e7\u00e3o desde que seus certificados contenham os dados abaixo: I \u2013 Nome completo do servidor; II \u2013 Nome do curso; III \u2013 Per\u00edodo de realiza\u00e7\u00e3o do curso, contendo&hellip;","publishpress_future_action":{"enabled":false,"date":"2026-05-02 05:25:01","action":"category-remove","newStatus":"draft","terms":[328],"taxonomy":"carrossel"},"publishpress_future_workflow_manual_trigger":{"enabledWorkflows":[]},"_links":{"self":[{"href":"https:\/\/progepe.ufpr.br\/capacitacao\/wp-json\/wp\/v2\/posts\/1522","targetHints":{"allow":["GET"]}}],"collection":[{"href":"https:\/\/progepe.ufpr.br\/capacitacao\/wp-json\/wp\/v2\/posts"}],"about":[{"href":"https:\/\/progepe.ufpr.br\/capacitacao\/wp-json\/wp\/v2\/types\/post"}],"author":[{"embeddable":true,"href":"https:\/\/progepe.ufpr.br\/capacitacao\/wp-json\/wp\/v2\/users\/41"}],"replies":[{"embeddable":true,"href":"https:\/\/progepe.ufpr.br\/capacitacao\/wp-json\/wp\/v2\/comments?post=1522"}],"version-history":[{"count":1,"href":"https:\/\/progepe.ufpr.br\/capacitacao\/wp-json\/wp\/v2\/posts\/1522\/revisions"}],"predecessor-version":[{"id":77365,"href":"https:\/\/progepe.ufpr.br\/capacitacao\/wp-json\/wp\/v2\/posts\/1522\/revisions\/77365"}],"wp:attachment":[{"href":"https:\/\/progepe.ufpr.br\/capacitacao\/wp-json\/wp\/v2\/media?parent=1522"}],"wp:term":[{"taxonomy":"category","embeddable":true,"href":"https:\/\/progepe.ufpr.br\/capacitacao\/wp-json\/wp\/v2\/categories?post=1522"},{"taxonomy":"post_tag","embeddable":true,"href":"https:\/\/progepe.ufpr.br\/capacitacao\/wp-json\/wp\/v2\/tags?post=1522"}],"curies":[{"name":"wp","href":"https:\/\/api.w.org\/{rel}","templated":true}]}}