{"id":2570,"date":"2021-10-29T16:28:22","date_gmt":"2021-10-29T19:28:22","guid":{"rendered":"https:\/\/www.prppg.ufpr.br\/site\/portalcapacitacao\/?p=2570"},"modified":"2025-02-05T14:39:34","modified_gmt":"2025-02-05T17:39:34","slug":"desconstruindo-o-racismo-do-dia-a-dia-a-formacao-como-possibilidade-de-desnaturalizar-o-olhar","status":"publish","type":"post","link":"https:\/\/progepe.ufpr.br\/capacitacao\/desconstruindo-o-racismo-do-dia-a-dia-a-formacao-como-possibilidade-de-desnaturalizar-o-olhar\/","title":{"rendered":"Desconstruindo o racismo do dia a dia: a forma\u00e7\u00e3o como possibilidade de desnaturalizar o olhar"},"content":{"rendered":"<p>A Pr\u00f3-Reitoria de Gest\u00e3o de Pessoas, em parceria com a Superintend\u00eancia de Inclus\u00e3o, Pol\u00edticas Afirmativas e Diversidade (SIPAD), convida os(as) servidores(as) para a a\u00e7\u00e3o de desenvolvimento <b>Desconstruindo o racismo do dia a dia: a forma\u00e7\u00e3o como possibilidade de desnaturalizar o olhar<\/b>.<\/p>\n<p><strong>Objetivos:<\/strong><\/p>\n<ul>\n<li>Capacitar para a compreens\u00e3o dos atuais instrumentos normativos referentes \u00e0 discrimina\u00e7\u00e3o racial, bem como fornecer um mapa das redes de apoio e discutir sobre como encaminhar os diferentes tipos de viol\u00eancias;<\/li>\n<li>Oferecer as\/aos professoras\/es e t\u00e9cnicas\/os da UFPR uma forma\u00e7\u00e3o sobre racismo, numa perspectiva interseccional;<\/li>\n<li>Apresentar dados de discrimina\u00e7\u00e3o racial na UFPR e descrever a estrutura e fluxos institucionais internos que dizem respeito ao tratamento de casos e pol\u00edticas de combate \u00e0 discrimina\u00e7\u00e3o racial na UFPR;<\/li>\n<\/ul>\n<p><strong>Conte\u00fado:<\/strong><\/p>\n<blockquote><p><strong>M\u00f3dulo 1<\/strong> \u2013 Racismo no Brasil.<\/p>\n<p><strong>M\u00f3dulo 2<\/strong> \u2013 Teorias do Branqueamento: a cor enquanto marcador social da diferen\u00e7a.<\/p>\n<p><strong>M\u00f3dulo 3 \u2013 <\/strong>A\u00e7\u00f5es coletivas em prol da liberdade e direito de existir.<\/p>\n<p><strong>M\u00f3dulo<\/strong><strong> 4 <\/strong><i><strong>\u2013<\/strong><\/i> Do n\u00e3o lugar a conquista do direito \u00e0 Educa\u00e7\u00e3o Superior<i><\/i>.<\/p>\n<p><strong>M\u00f3dulo 5 \u2013<\/strong> A lei enquanto forma de combate ao racismo e prote\u00e7\u00e3o.<\/p><\/blockquote>\n<p>O curso ser\u00e1 realizado na UFPR Virtual e contar\u00e1 com 4 encontros s\u00edncronos com 2 horas de dura\u00e7\u00e3o que ser\u00e3o realizados via Microsoft Teams. A carga hor\u00e1ria total \u00e9 de 30 horas.<\/p>\n<p><strong>As <span class=\"x_mark2ckarazf6\">inscri\u00e7\u00f5es<\/span> ser\u00e3o realizadas no Portal da Capacita\u00e7\u00e3o pelo\u00a0<em>link<\/em>\u00a0(<a id=\"LPlnk937486\" href=\"https:\/\/progepe.ufpr.br\/capacitacao\/\" target=\"_blank\" rel=\"noopener noreferrer\" data-auth=\"NotApplicable\" data-linkindex=\"0\">https:\/\/progepe.ufpr.br\/capacitacao\/<\/a><\/strong><strong>) no per\u00edodo de 29\/10 a 4\/11 de 2021.<br aria-hidden=\"true\" \/><\/strong><\/p>\n<p><strong>Maiores informa\u00e7\u00f5es:<\/strong>\u00a0ucaq@ufpr.br<\/p>\n","protected":false},"excerpt":{"rendered":"<p>A Pr\u00f3-Reitoria de Gest\u00e3o de Pessoas, em parceria com a Superintend\u00eancia de Inclus\u00e3o, Pol\u00edticas Afirmativas e Diversidade (SIPAD), convida os(as) servidores(as) para a a\u00e7\u00e3o de desenvolvimento Desconstruindo o racismo do dia a dia: a forma\u00e7\u00e3o como possibilidade de desnaturalizar o olhar. Objetivos: Capacitar para a compreens\u00e3o dos atuais instrumentos normativos referentes \u00e0 discrimina\u00e7\u00e3o racial, bem [&hellip;]<\/p>\n","protected":false},"author":41,"featured_media":0,"comment_status":"closed","ping_status":"closed","sticky":false,"template":"","format":"standard","meta":{"_coblocks_attr":"","_coblocks_dimensions":"","_coblocks_responsive_height":"","_coblocks_accordion_ie_support":"","_uag_custom_page_level_css":"","iawp_total_views":4,"footnotes":""},"categories":[324],"tags":[],"class_list":["post-2570","post","type-post","status-publish","format-standard","hentry","category-acoes_desenvolvimento"],"uagb_featured_image_src":{"full":false,"thumbnail":false,"medium":false,"medium_large":false,"large":false,"1536x1536":false,"2048x2048":false},"uagb_author_info":{"display_name":"progepe-admin","author_link":"https:\/\/progepe.ufpr.br\/capacitacao\/author\/progepe-admin\/"},"uagb_comment_info":0,"uagb_excerpt":"A Pr\u00f3-Reitoria de Gest\u00e3o de Pessoas, em parceria com a Superintend\u00eancia de Inclus\u00e3o, Pol\u00edticas Afirmativas e Diversidade (SIPAD), convida os(as) servidores(as) para a a\u00e7\u00e3o de desenvolvimento Desconstruindo o racismo do dia a dia: a forma\u00e7\u00e3o como possibilidade de desnaturalizar o olhar. Objetivos: Capacitar para a compreens\u00e3o dos atuais instrumentos normativos referentes \u00e0 discrimina\u00e7\u00e3o racial, bem&hellip;","publishpress_future_action":{"enabled":false,"date":"2026-05-06 06:54:29","action":"category-remove","newStatus":"draft","terms":[328],"taxonomy":"carrossel"},"publishpress_future_workflow_manual_trigger":{"enabledWorkflows":[]},"_links":{"self":[{"href":"https:\/\/progepe.ufpr.br\/capacitacao\/wp-json\/wp\/v2\/posts\/2570","targetHints":{"allow":["GET"]}}],"collection":[{"href":"https:\/\/progepe.ufpr.br\/capacitacao\/wp-json\/wp\/v2\/posts"}],"about":[{"href":"https:\/\/progepe.ufpr.br\/capacitacao\/wp-json\/wp\/v2\/types\/post"}],"author":[{"embeddable":true,"href":"https:\/\/progepe.ufpr.br\/capacitacao\/wp-json\/wp\/v2\/users\/41"}],"replies":[{"embeddable":true,"href":"https:\/\/progepe.ufpr.br\/capacitacao\/wp-json\/wp\/v2\/comments?post=2570"}],"version-history":[{"count":1,"href":"https:\/\/progepe.ufpr.br\/capacitacao\/wp-json\/wp\/v2\/posts\/2570\/revisions"}],"predecessor-version":[{"id":77435,"href":"https:\/\/progepe.ufpr.br\/capacitacao\/wp-json\/wp\/v2\/posts\/2570\/revisions\/77435"}],"wp:attachment":[{"href":"https:\/\/progepe.ufpr.br\/capacitacao\/wp-json\/wp\/v2\/media?parent=2570"}],"wp:term":[{"taxonomy":"category","embeddable":true,"href":"https:\/\/progepe.ufpr.br\/capacitacao\/wp-json\/wp\/v2\/categories?post=2570"},{"taxonomy":"post_tag","embeddable":true,"href":"https:\/\/progepe.ufpr.br\/capacitacao\/wp-json\/wp\/v2\/tags?post=2570"}],"curies":[{"name":"wp","href":"https:\/\/api.w.org\/{rel}","templated":true}]}}