{"id":2632,"date":"2022-04-02T20:20:51","date_gmt":"2022-04-02T23:20:51","guid":{"rendered":"https:\/\/www.prppg.ufpr.br\/site\/portalcapacitacao\/?p=2632"},"modified":"2025-02-05T14:39:34","modified_gmt":"2025-02-05T17:39:34","slug":"edital-no-02-2022-progepe-cdp-saiba-mais","status":"publish","type":"post","link":"https:\/\/progepe.ufpr.br\/capacitacao\/edital-no-02-2022-progepe-cdp-saiba-mais\/","title":{"rendered":"Edital n\u00ba 02\/2022-PROGEPE\/CDP &#8211; saiba mais"},"content":{"rendered":"<p>O Decreto n\u00ba 9.991, de 28 de agosto de 2019, disp\u00f5e sobre a Pol\u00edtica Nacional de Desenvolvimento de Pessoas &#8211; PNDP da administra\u00e7\u00e3o p\u00fablica federal direta, aut\u00e1rquica e fundacional e regulamenta dispositivos da Lei n\u00ba 8.112, de 11 de dezembro de 1990, quanto a licen\u00e7as e afastamentos para participa\u00e7\u00e3o em a\u00e7\u00f5es de desenvolvimento. No \u00e2mbito da PNDP, o afastamento dos servidores para participa\u00e7\u00e3o em Programas de P\u00f3s-Gradua\u00e7\u00e3o <em>Stricto Sensu<\/em> e P\u00f3s Doutorado deve ser precedido de processo seletivo, com crit\u00e9rios ison\u00f4micos e transparentes, dentre outros crit\u00e9rios dispostos no referido decreto.<\/p>\n<p><a href=\"https:\/\/progepe.ufpr.br\/capacitacao\/editais\/\">Edital n\u00ba 02\/2022 &#8211; PROGEPE\/CDP\u00a0<\/a><\/p>\n","protected":false},"excerpt":{"rendered":"<p>O Decreto n\u00ba 9.991, de 28 de agosto de 2019, disp\u00f5e sobre a Pol\u00edtica Nacional de Desenvolvimento de Pessoas &#8211; PNDP da administra\u00e7\u00e3o p\u00fablica federal direta, aut\u00e1rquica e fundacional e regulamenta dispositivos da Lei n\u00ba 8.112, de 11 de dezembro de 1990, quanto a licen\u00e7as e afastamentos para participa\u00e7\u00e3o em a\u00e7\u00f5es de desenvolvimento. No \u00e2mbito [&hellip;]<\/p>\n","protected":false},"author":41,"featured_media":0,"comment_status":"closed","ping_status":"closed","sticky":false,"template":"","format":"standard","meta":{"_coblocks_attr":"","_coblocks_dimensions":"","_coblocks_responsive_height":"","_coblocks_accordion_ie_support":"","_uag_custom_page_level_css":"","iawp_total_views":1,"footnotes":""},"categories":[325],"tags":[],"class_list":["post-2632","post","type-post","status-publish","format-standard","hentry","category-processos_seletivos"],"uagb_featured_image_src":{"full":false,"thumbnail":false,"medium":false,"medium_large":false,"large":false,"1536x1536":false,"2048x2048":false},"uagb_author_info":{"display_name":"progepe-admin","author_link":"https:\/\/progepe.ufpr.br\/capacitacao\/author\/progepe-admin\/"},"uagb_comment_info":0,"uagb_excerpt":"O Decreto n\u00ba 9.991, de 28 de agosto de 2019, disp\u00f5e sobre a Pol\u00edtica Nacional de Desenvolvimento de Pessoas &#8211; PNDP da administra\u00e7\u00e3o p\u00fablica federal direta, aut\u00e1rquica e fundacional e regulamenta dispositivos da Lei n\u00ba 8.112, de 11 de dezembro de 1990, quanto a licen\u00e7as e afastamentos para participa\u00e7\u00e3o em a\u00e7\u00f5es de desenvolvimento. No \u00e2mbito&hellip;","publishpress_future_action":{"enabled":false,"date":"2026-05-03 18:11:34","action":"category-remove","newStatus":"draft","terms":[328],"taxonomy":"carrossel"},"publishpress_future_workflow_manual_trigger":{"enabledWorkflows":[]},"_links":{"self":[{"href":"https:\/\/progepe.ufpr.br\/capacitacao\/wp-json\/wp\/v2\/posts\/2632","targetHints":{"allow":["GET"]}}],"collection":[{"href":"https:\/\/progepe.ufpr.br\/capacitacao\/wp-json\/wp\/v2\/posts"}],"about":[{"href":"https:\/\/progepe.ufpr.br\/capacitacao\/wp-json\/wp\/v2\/types\/post"}],"author":[{"embeddable":true,"href":"https:\/\/progepe.ufpr.br\/capacitacao\/wp-json\/wp\/v2\/users\/41"}],"replies":[{"embeddable":true,"href":"https:\/\/progepe.ufpr.br\/capacitacao\/wp-json\/wp\/v2\/comments?post=2632"}],"version-history":[{"count":1,"href":"https:\/\/progepe.ufpr.br\/capacitacao\/wp-json\/wp\/v2\/posts\/2632\/revisions"}],"predecessor-version":[{"id":77450,"href":"https:\/\/progepe.ufpr.br\/capacitacao\/wp-json\/wp\/v2\/posts\/2632\/revisions\/77450"}],"wp:attachment":[{"href":"https:\/\/progepe.ufpr.br\/capacitacao\/wp-json\/wp\/v2\/media?parent=2632"}],"wp:term":[{"taxonomy":"category","embeddable":true,"href":"https:\/\/progepe.ufpr.br\/capacitacao\/wp-json\/wp\/v2\/categories?post=2632"},{"taxonomy":"post_tag","embeddable":true,"href":"https:\/\/progepe.ufpr.br\/capacitacao\/wp-json\/wp\/v2\/tags?post=2632"}],"curies":[{"name":"wp","href":"https:\/\/api.w.org\/{rel}","templated":true}]}}