{"id":6088,"date":"2024-01-30T13:47:30","date_gmt":"2024-01-30T16:47:30","guid":{"rendered":"https:\/\/www.prppg.ufpr.br\/site\/portalcapacitacao\/?p=6088"},"modified":"2025-02-05T14:39:33","modified_gmt":"2025-02-05T17:39:33","slug":"progepe-cdp-ucaq-abre-inscricoes-para-vagas-remanescentes-em-cursos-de-idiomas","status":"publish","type":"post","link":"https:\/\/progepe.ufpr.br\/capacitacao\/progepe-cdp-ucaq-abre-inscricoes-para-vagas-remanescentes-em-cursos-de-idiomas\/","title":{"rendered":"Vagas remanescentes em cursos de idiomas &#8211; saiba mais"},"content":{"rendered":"<p>Para mais informa\u00e7\u00f5es, acesse o edital N. 02\/2024 PROGEPE\/CDP\/UCAQ:<\/p>\n<blockquote class=\"wp-embedded-content\" data-secret=\"ExHbvYE5KE\"><p><a href=\"https:\/\/progepe.ufpr.br\/capacitacao\/programa-de-linguas-estrangeiras-modernas\/\">Programa de L\u00ednguas Estrangeiras Modernas<\/a><\/p><\/blockquote>\n<p><iframe loading=\"lazy\" class=\"wp-embedded-content\" sandbox=\"allow-scripts\" security=\"restricted\" style=\"position: absolute; visibility: hidden;\" title=\"&#8220;Programa de L\u00ednguas Estrangeiras Modernas&#8221; &#8212; Portal da capacita\u00e7\u00e3o - UFPR - PROGEPE\" src=\"https:\/\/progepe.ufpr.br\/capacitacao\/programa-de-linguas-estrangeiras-modernas\/embed\/#?secret=tJXva4zyfV#?secret=ExHbvYE5KE\" data-secret=\"ExHbvYE5KE\" width=\"500\" height=\"282\" frameborder=\"0\" marginwidth=\"0\" marginheight=\"0\" scrolling=\"no\"><\/iframe><\/p>\n<p>&nbsp;<\/p>\n<p>&nbsp;<\/p>\n<p><img loading=\"lazy\" decoding=\"async\" class=\"alignnone size-medium wp-image-6097\" src=\"https:\/\/progepe.ufpr.br\/capacitacao\/wp-content\/uploads\/2024\/01\/lem-vagas-remansecentes-2024-1-300x82.jpg\" alt=\"\" width=\"300\" height=\"82\" srcset=\"https:\/\/progepe.ufpr.br\/capacitacao\/wp-content\/uploads\/2024\/01\/lem-vagas-remansecentes-2024-1-300x82.jpg 300w, https:\/\/progepe.ufpr.br\/capacitacao\/wp-content\/uploads\/2024\/01\/lem-vagas-remansecentes-2024-1-768x210.jpg 768w, https:\/\/progepe.ufpr.br\/capacitacao\/wp-content\/uploads\/2024\/01\/lem-vagas-remansecentes-2024-1.jpg 960w\" sizes=\"auto, (max-width: 300px) 100vw, 300px\" \/><\/p>\n","protected":false},"excerpt":{"rendered":"<p>Para mais informa\u00e7\u00f5es, acesse o edital N. 02\/2024 PROGEPE\/CDP\/UCAQ: Programa de L\u00ednguas Estrangeiras Modernas &nbsp; &nbsp;<\/p>\n","protected":false},"author":41,"featured_media":6097,"comment_status":"closed","ping_status":"closed","sticky":false,"template":"","format":"standard","meta":{"_coblocks_attr":"","_coblocks_dimensions":"","_coblocks_responsive_height":"","_coblocks_accordion_ie_support":"","_uag_custom_page_level_css":"","iawp_total_views":5,"footnotes":""},"categories":[322],"tags":[],"class_list":["post-6088","post","type-post","status-publish","format-standard","has-post-thumbnail","hentry","category-noticias"],"uagb_featured_image_src":{"full":["https:\/\/progepe.ufpr.br\/capacitacao\/wp-content\/uploads\/2024\/01\/lem-vagas-remansecentes-2024-1.jpg",960,262,false],"thumbnail":["https:\/\/progepe.ufpr.br\/capacitacao\/wp-content\/uploads\/2024\/01\/lem-vagas-remansecentes-2024-1-150x150.jpg",150,150,true],"medium":["https:\/\/progepe.ufpr.br\/capacitacao\/wp-content\/uploads\/2024\/01\/lem-vagas-remansecentes-2024-1-300x82.jpg",300,82,true],"medium_large":["https:\/\/progepe.ufpr.br\/capacitacao\/wp-content\/uploads\/2024\/01\/lem-vagas-remansecentes-2024-1-768x210.jpg",768,210,true],"large":["https:\/\/progepe.ufpr.br\/capacitacao\/wp-content\/uploads\/2024\/01\/lem-vagas-remansecentes-2024-1.jpg",960,262,false],"1536x1536":["https:\/\/progepe.ufpr.br\/capacitacao\/wp-content\/uploads\/2024\/01\/lem-vagas-remansecentes-2024-1.jpg",960,262,false],"2048x2048":["https:\/\/progepe.ufpr.br\/capacitacao\/wp-content\/uploads\/2024\/01\/lem-vagas-remansecentes-2024-1.jpg",960,262,false]},"uagb_author_info":{"display_name":"progepe-admin","author_link":"https:\/\/progepe.ufpr.br\/capacitacao\/author\/progepe-admin\/"},"uagb_comment_info":0,"uagb_excerpt":"Para mais informa\u00e7\u00f5es, acesse o edital N. 02\/2024 PROGEPE\/CDP\/UCAQ: Programa de L\u00ednguas Estrangeiras Modernas &nbsp; &nbsp;","publishpress_future_action":{"enabled":false,"date":"2026-05-03 18:11:34","action":"category-remove","newStatus":"draft","terms":[328],"taxonomy":"carrossel"},"publishpress_future_workflow_manual_trigger":{"enabledWorkflows":[]},"_links":{"self":[{"href":"https:\/\/progepe.ufpr.br\/capacitacao\/wp-json\/wp\/v2\/posts\/6088","targetHints":{"allow":["GET"]}}],"collection":[{"href":"https:\/\/progepe.ufpr.br\/capacitacao\/wp-json\/wp\/v2\/posts"}],"about":[{"href":"https:\/\/progepe.ufpr.br\/capacitacao\/wp-json\/wp\/v2\/types\/post"}],"author":[{"embeddable":true,"href":"https:\/\/progepe.ufpr.br\/capacitacao\/wp-json\/wp\/v2\/users\/41"}],"replies":[{"embeddable":true,"href":"https:\/\/progepe.ufpr.br\/capacitacao\/wp-json\/wp\/v2\/comments?post=6088"}],"version-history":[{"count":1,"href":"https:\/\/progepe.ufpr.br\/capacitacao\/wp-json\/wp\/v2\/posts\/6088\/revisions"}],"predecessor-version":[{"id":77277,"href":"https:\/\/progepe.ufpr.br\/capacitacao\/wp-json\/wp\/v2\/posts\/6088\/revisions\/77277"}],"wp:featuredmedia":[{"embeddable":true,"href":"https:\/\/progepe.ufpr.br\/capacitacao\/wp-json\/wp\/v2\/media\/6097"}],"wp:attachment":[{"href":"https:\/\/progepe.ufpr.br\/capacitacao\/wp-json\/wp\/v2\/media?parent=6088"}],"wp:term":[{"taxonomy":"category","embeddable":true,"href":"https:\/\/progepe.ufpr.br\/capacitacao\/wp-json\/wp\/v2\/categories?post=6088"},{"taxonomy":"post_tag","embeddable":true,"href":"https:\/\/progepe.ufpr.br\/capacitacao\/wp-json\/wp\/v2\/tags?post=6088"}],"curies":[{"name":"wp","href":"https:\/\/api.w.org\/{rel}","templated":true}]}}