{"id":6133,"date":"2024-02-16T12:06:32","date_gmt":"2024-02-16T15:06:32","guid":{"rendered":"https:\/\/www.prppg.ufpr.br\/site\/portalcapacitacao\/?p=6133"},"modified":"2025-02-05T14:39:33","modified_gmt":"2025-02-05T17:39:33","slug":"inscricoes-para-instrutoresas-saiba-mais-3","status":"publish","type":"post","link":"https:\/\/progepe.ufpr.br\/capacitacao\/inscricoes-para-instrutoresas-saiba-mais-3\/","title":{"rendered":"Inscri\u00e7\u00f5es para Instrutores(as) \u2013 saiba mais"},"content":{"rendered":"<p>Prezados(as) Servidores(as),<\/p>\n<p>Est\u00e3o abertas inscri\u00e7\u00f5es para interessados(as) em atuar como Instrutores(as) nas a\u00e7\u00f5es de desenvolvimento que comp\u00f5em o Programa de Capacita\u00e7\u00e3o e Qualifica\u00e7\u00e3o dos(as) Servidores(as) da Universidade Federal do Paran\u00e1 (UFPR).<\/p>\n<p><a href=\"https:\/\/progepe.ufpr.br\/capacitacao\/wp-content\/uploads\/2024\/02\/edital-07-2024-progepe-cdp-ucaq.pdf\">Edital 07-2024 PROGEPE-CDP-UCAQ<\/a>\u00a0\u2013 interessados em atuar como instrutores(as) na a\u00e7\u00e3o de desenvolvimento Media\u00e7\u00e3o de Conflitos.<\/p>\n<p>Para maiores informa\u00e7\u00f5es entrar em contato com a Unidade de Capacita\u00e7\u00e3o e Qualifica\u00e7\u00e3o \u2013 UCAQ\/CDP\/PROGEPE pelo telefone 3360-4512,\u00a0<em>e-mail<\/em>\u00a0ucaq@ufpr. br ou\u00a0<em>teams<\/em>\u00a0da Unidade.<\/p>\n<p>&nbsp;<\/p>\n<p>Atenciosamente,<\/p>\n<p>Unidade de Capacita\u00e7\u00e3o e Qualifica\u00e7\u00e3o<\/p>\n","protected":false},"excerpt":{"rendered":"<p>Prezados(as) Servidores(as), Est\u00e3o abertas inscri\u00e7\u00f5es para interessados(as) em atuar como Instrutores(as) nas a\u00e7\u00f5es de desenvolvimento que comp\u00f5em o Programa de Capacita\u00e7\u00e3o e Qualifica\u00e7\u00e3o dos(as) Servidores(as) da Universidade Federal do Paran\u00e1 (UFPR). Edital 07-2024 PROGEPE-CDP-UCAQ\u00a0\u2013 interessados em atuar como instrutores(as) na a\u00e7\u00e3o de desenvolvimento Media\u00e7\u00e3o de Conflitos. Para maiores informa\u00e7\u00f5es entrar em contato com a Unidade [&hellip;]<\/p>\n","protected":false},"author":41,"featured_media":6134,"comment_status":"closed","ping_status":"closed","sticky":false,"template":"","format":"standard","meta":{"_coblocks_attr":"","_coblocks_dimensions":"","_coblocks_responsive_height":"","_coblocks_accordion_ie_support":"","_uag_custom_page_level_css":"","iawp_total_views":0,"footnotes":""},"categories":[325],"tags":[],"class_list":["post-6133","post","type-post","status-publish","format-standard","has-post-thumbnail","hentry","category-processos_seletivos"],"uagb_featured_image_src":{"full":["https:\/\/progepe.ufpr.br\/capacitacao\/wp-content\/uploads\/2024\/02\/mediacao-de-conflitos.jpg",2000,647,false],"thumbnail":["https:\/\/progepe.ufpr.br\/capacitacao\/wp-content\/uploads\/2024\/02\/mediacao-de-conflitos-150x150.jpg",150,150,true],"medium":["https:\/\/progepe.ufpr.br\/capacitacao\/wp-content\/uploads\/2024\/02\/mediacao-de-conflitos-300x97.jpg",300,97,true],"medium_large":["https:\/\/progepe.ufpr.br\/capacitacao\/wp-content\/uploads\/2024\/02\/mediacao-de-conflitos-768x248.jpg",768,248,true],"large":["https:\/\/progepe.ufpr.br\/capacitacao\/wp-content\/uploads\/2024\/02\/mediacao-de-conflitos-1024x331.jpg",1024,331,true],"1536x1536":["https:\/\/progepe.ufpr.br\/capacitacao\/wp-content\/uploads\/2024\/02\/mediacao-de-conflitos-1536x497.jpg",1536,497,true],"2048x2048":["https:\/\/progepe.ufpr.br\/capacitacao\/wp-content\/uploads\/2024\/02\/mediacao-de-conflitos.jpg",2000,647,false]},"uagb_author_info":{"display_name":"progepe-admin","author_link":"https:\/\/progepe.ufpr.br\/capacitacao\/author\/progepe-admin\/"},"uagb_comment_info":0,"uagb_excerpt":"Prezados(as) Servidores(as), Est\u00e3o abertas inscri\u00e7\u00f5es para interessados(as) em atuar como Instrutores(as) nas a\u00e7\u00f5es de desenvolvimento que comp\u00f5em o Programa de Capacita\u00e7\u00e3o e Qualifica\u00e7\u00e3o dos(as) Servidores(as) da Universidade Federal do Paran\u00e1 (UFPR). Edital 07-2024 PROGEPE-CDP-UCAQ\u00a0\u2013 interessados em atuar como instrutores(as) na a\u00e7\u00e3o de desenvolvimento Media\u00e7\u00e3o de Conflitos. Para maiores informa\u00e7\u00f5es entrar em contato com a Unidade&hellip;","publishpress_future_action":{"enabled":false,"date":"2026-05-02 04:00:25","action":"category-remove","newStatus":"draft","terms":[328],"taxonomy":"carrossel"},"publishpress_future_workflow_manual_trigger":{"enabledWorkflows":[]},"_links":{"self":[{"href":"https:\/\/progepe.ufpr.br\/capacitacao\/wp-json\/wp\/v2\/posts\/6133","targetHints":{"allow":["GET"]}}],"collection":[{"href":"https:\/\/progepe.ufpr.br\/capacitacao\/wp-json\/wp\/v2\/posts"}],"about":[{"href":"https:\/\/progepe.ufpr.br\/capacitacao\/wp-json\/wp\/v2\/types\/post"}],"author":[{"embeddable":true,"href":"https:\/\/progepe.ufpr.br\/capacitacao\/wp-json\/wp\/v2\/users\/41"}],"replies":[{"embeddable":true,"href":"https:\/\/progepe.ufpr.br\/capacitacao\/wp-json\/wp\/v2\/comments?post=6133"}],"version-history":[{"count":1,"href":"https:\/\/progepe.ufpr.br\/capacitacao\/wp-json\/wp\/v2\/posts\/6133\/revisions"}],"predecessor-version":[{"id":77274,"href":"https:\/\/progepe.ufpr.br\/capacitacao\/wp-json\/wp\/v2\/posts\/6133\/revisions\/77274"}],"wp:featuredmedia":[{"embeddable":true,"href":"https:\/\/progepe.ufpr.br\/capacitacao\/wp-json\/wp\/v2\/media\/6134"}],"wp:attachment":[{"href":"https:\/\/progepe.ufpr.br\/capacitacao\/wp-json\/wp\/v2\/media?parent=6133"}],"wp:term":[{"taxonomy":"category","embeddable":true,"href":"https:\/\/progepe.ufpr.br\/capacitacao\/wp-json\/wp\/v2\/categories?post=6133"},{"taxonomy":"post_tag","embeddable":true,"href":"https:\/\/progepe.ufpr.br\/capacitacao\/wp-json\/wp\/v2\/tags?post=6133"}],"curies":[{"name":"wp","href":"https:\/\/api.w.org\/{rel}","templated":true}]}}