{"id":6353,"date":"2024-04-17T15:21:19","date_gmt":"2024-04-17T18:21:19","guid":{"rendered":"https:\/\/www.prppg.ufpr.br\/site\/portalcapacitacao\/?p=6353"},"modified":"2025-02-05T14:39:33","modified_gmt":"2025-02-05T17:39:33","slug":"curso-de-capacitacao-libre-office-calc","status":"publish","type":"post","link":"https:\/\/progepe.ufpr.br\/capacitacao\/curso-de-capacitacao-libre-office-calc\/","title":{"rendered":"Curso de capacita\u00e7\u00e3o: Libre Office &#8211; Calc"},"content":{"rendered":"<div>A PROGEPE\/CDP\/UCAQ divulga a abertura de\u00a0inscri\u00e7\u00f5es para o curso de capacita\u00e7\u00e3o Libre Office &#8211; Calc, voltado a\u00a0servidores(as) docentes e t\u00e9cnicos administrativos do quadro permanente da UFPR e HC.<\/div>\n<div><\/div>\n<div><b>Per\u00edodo de<\/b><b>\u00a0inscri\u00e7\u00f5es<\/b>: 23\/04 a 07\/05\/2024<\/div>\n<div><b>Per\u00edodo de realiza\u00e7\u00e3o<\/b>: 14\/05 a 18\/06\/2024<\/div>\n<div><b>Carga hor\u00e1ria<\/b>: 20h<\/div>\n<div><b>Dias e hor\u00e1rios<\/b>: ter\u00e7as e quintas-feiras, das 14h30 \u00e0s 16h30<\/div>\n<div><b>Local<\/b>: Laborat\u00f3rio de Inform\u00e1tica da PROGEPE<\/div>\n<div><b>Ministrante<\/b>: Prof. Dr. Roberto Pettres<\/div>\n<div><\/div>\n<div>Para\u00a0inscri\u00e7\u00f5es\u00a0e outras informa\u00e7\u00f5es sobre o curso,\u00a0<a id=\"LPlnk413822\" class=\"OWAAutoLink\" title=\"https:\/\/doity.com.br\/libre-office--calc\" href=\"https:\/\/doity.com.br\/libre-office--calc\" data-auth=\"NotApplicable\" data-loopstyle=\"linkonly\">clique aqui<\/a>.<\/div>\n","protected":false},"excerpt":{"rendered":"<p>A PROGEPE\/CDP\/UCAQ divulga a abertura de\u00a0inscri\u00e7\u00f5es para o curso de capacita\u00e7\u00e3o Libre Office &#8211; Calc, voltado a\u00a0servidores(as) docentes e t\u00e9cnicos administrativos do quadro permanente da UFPR e HC. Per\u00edodo de\u00a0inscri\u00e7\u00f5es: 23\/04 a 07\/05\/2024 Per\u00edodo de realiza\u00e7\u00e3o: 14\/05 a 18\/06\/2024 Carga hor\u00e1ria: 20h Dias e hor\u00e1rios: ter\u00e7as e quintas-feiras, das 14h30 \u00e0s 16h30 Local: Laborat\u00f3rio de [&hellip;]<\/p>\n","protected":false},"author":41,"featured_media":6354,"comment_status":"closed","ping_status":"closed","sticky":false,"template":"","format":"standard","meta":{"_coblocks_attr":"","_coblocks_dimensions":"","_coblocks_responsive_height":"","_coblocks_accordion_ie_support":"","_uag_custom_page_level_css":"","iawp_total_views":1,"footnotes":""},"categories":[324],"tags":[],"class_list":["post-6353","post","type-post","status-publish","format-standard","has-post-thumbnail","hentry","category-acoes_desenvolvimento"],"uagb_featured_image_src":{"full":["https:\/\/progepe.ufpr.br\/capacitacao\/wp-content\/uploads\/2024\/04\/banners-2.jpg",2000,647,false],"thumbnail":["https:\/\/progepe.ufpr.br\/capacitacao\/wp-content\/uploads\/2024\/04\/banners-2-150x150.jpg",150,150,true],"medium":["https:\/\/progepe.ufpr.br\/capacitacao\/wp-content\/uploads\/2024\/04\/banners-2-300x97.jpg",300,97,true],"medium_large":["https:\/\/progepe.ufpr.br\/capacitacao\/wp-content\/uploads\/2024\/04\/banners-2-768x248.jpg",768,248,true],"large":["https:\/\/progepe.ufpr.br\/capacitacao\/wp-content\/uploads\/2024\/04\/banners-2-1024x331.jpg",1024,331,true],"1536x1536":["https:\/\/progepe.ufpr.br\/capacitacao\/wp-content\/uploads\/2024\/04\/banners-2-1536x497.jpg",1536,497,true],"2048x2048":["https:\/\/progepe.ufpr.br\/capacitacao\/wp-content\/uploads\/2024\/04\/banners-2.jpg",2000,647,false]},"uagb_author_info":{"display_name":"progepe-admin","author_link":"https:\/\/progepe.ufpr.br\/capacitacao\/author\/progepe-admin\/"},"uagb_comment_info":0,"uagb_excerpt":"A PROGEPE\/CDP\/UCAQ divulga a abertura de\u00a0inscri\u00e7\u00f5es para o curso de capacita\u00e7\u00e3o Libre Office &#8211; Calc, voltado a\u00a0servidores(as) docentes e t\u00e9cnicos administrativos do quadro permanente da UFPR e HC. Per\u00edodo de\u00a0inscri\u00e7\u00f5es: 23\/04 a 07\/05\/2024 Per\u00edodo de realiza\u00e7\u00e3o: 14\/05 a 18\/06\/2024 Carga hor\u00e1ria: 20h Dias e hor\u00e1rios: ter\u00e7as e quintas-feiras, das 14h30 \u00e0s 16h30 Local: Laborat\u00f3rio de&hellip;","publishpress_future_action":{"enabled":false,"date":"2026-05-03 04:26:34","action":"category-remove","newStatus":"draft","terms":[328],"taxonomy":"carrossel"},"publishpress_future_workflow_manual_trigger":{"enabledWorkflows":[]},"_links":{"self":[{"href":"https:\/\/progepe.ufpr.br\/capacitacao\/wp-json\/wp\/v2\/posts\/6353","targetHints":{"allow":["GET"]}}],"collection":[{"href":"https:\/\/progepe.ufpr.br\/capacitacao\/wp-json\/wp\/v2\/posts"}],"about":[{"href":"https:\/\/progepe.ufpr.br\/capacitacao\/wp-json\/wp\/v2\/types\/post"}],"author":[{"embeddable":true,"href":"https:\/\/progepe.ufpr.br\/capacitacao\/wp-json\/wp\/v2\/users\/41"}],"replies":[{"embeddable":true,"href":"https:\/\/progepe.ufpr.br\/capacitacao\/wp-json\/wp\/v2\/comments?post=6353"}],"version-history":[{"count":1,"href":"https:\/\/progepe.ufpr.br\/capacitacao\/wp-json\/wp\/v2\/posts\/6353\/revisions"}],"predecessor-version":[{"id":77265,"href":"https:\/\/progepe.ufpr.br\/capacitacao\/wp-json\/wp\/v2\/posts\/6353\/revisions\/77265"}],"wp:featuredmedia":[{"embeddable":true,"href":"https:\/\/progepe.ufpr.br\/capacitacao\/wp-json\/wp\/v2\/media\/6354"}],"wp:attachment":[{"href":"https:\/\/progepe.ufpr.br\/capacitacao\/wp-json\/wp\/v2\/media?parent=6353"}],"wp:term":[{"taxonomy":"category","embeddable":true,"href":"https:\/\/progepe.ufpr.br\/capacitacao\/wp-json\/wp\/v2\/categories?post=6353"},{"taxonomy":"post_tag","embeddable":true,"href":"https:\/\/progepe.ufpr.br\/capacitacao\/wp-json\/wp\/v2\/tags?post=6353"}],"curies":[{"name":"wp","href":"https:\/\/api.w.org\/{rel}","templated":true}]}}