{"id":6413,"date":"2024-05-16T09:39:24","date_gmt":"2024-05-16T12:39:24","guid":{"rendered":"https:\/\/www.prppg.ufpr.br\/site\/portalcapacitacao\/?p=6413"},"modified":"2025-02-05T14:39:33","modified_gmt":"2025-02-05T17:39:33","slug":"curso-facilitacao-visual","status":"publish","type":"post","link":"https:\/\/progepe.ufpr.br\/capacitacao\/curso-facilitacao-visual\/","title":{"rendered":"Curso Facilita\u00e7\u00e3o Visual"},"content":{"rendered":"<div>Prezadas e prezados,<\/div>\n<div><\/div>\n<div>A PROGEPE\/CDP\/UCAQ informa que estar\u00e3o\u00a0abertas de<b>\u00a0<\/b><b>20\u00a0a\u00a029\/05\/2024<\/b>\u00a0as inscri\u00e7\u00f5es para o workshop\u00a0<b>Facilita\u00e7\u00e3o Visual<\/b>, voltado a\u00a0servidores(as) docentes e t\u00e9cnicos administrativos do quadro permanente da UFPR.<\/div>\n<div><\/div>\n<div><b>Per\u00edodo de<\/b><b>\u00a0inscri\u00e7\u00f5es<\/b>: 20 a 29\/05\/2024<\/div>\n<div><b>Data<\/b>: 05\/06\/2024<\/div>\n<div><b>Hor\u00e1rios<\/b>: das 8h30 \u00e0s 12h30 e das 13h30 \u00e0s 17h30<\/div>\n<div><b>Local<\/b>: PROGEPE &#8211; Sala 02<\/div>\n<div><b>Ministrante<\/b>: Prof. Dr. Ed Sarro (UTFPR)<\/div>\n<div><\/div>\n<div>Para\u00a0inscri\u00e7\u00f5es\u00a0e outras informa\u00e7\u00f5es sobre o curso,\u00a0<a id=\"LPlnk\" title=\"https:\/\/doity.com.br\/facilitacao-visual\" href=\"https:\/\/doity.com.br\/facilitacao-visual\">clique aqui<\/a>.<\/div>\n","protected":false},"excerpt":{"rendered":"<p>Prezadas e prezados, A PROGEPE\/CDP\/UCAQ informa que estar\u00e3o\u00a0abertas de\u00a020\u00a0a\u00a029\/05\/2024\u00a0as inscri\u00e7\u00f5es para o workshop\u00a0Facilita\u00e7\u00e3o Visual, voltado a\u00a0servidores(as) docentes e t\u00e9cnicos administrativos do quadro permanente da UFPR. Per\u00edodo de\u00a0inscri\u00e7\u00f5es: 20 a 29\/05\/2024 Data: 05\/06\/2024 Hor\u00e1rios: das 8h30 \u00e0s 12h30 e das 13h30 \u00e0s 17h30 Local: PROGEPE &#8211; Sala 02 Ministrante: Prof. Dr. Ed Sarro (UTFPR) Para\u00a0inscri\u00e7\u00f5es\u00a0e outras [&hellip;]<\/p>\n","protected":false},"author":41,"featured_media":6408,"comment_status":"closed","ping_status":"closed","sticky":false,"template":"","format":"standard","meta":{"_coblocks_attr":"","_coblocks_dimensions":"","_coblocks_responsive_height":"","_coblocks_accordion_ie_support":"","_uag_custom_page_level_css":"","iawp_total_views":1,"footnotes":""},"categories":[324],"tags":[],"class_list":["post-6413","post","type-post","status-publish","format-standard","has-post-thumbnail","hentry","category-acoes_desenvolvimento"],"uagb_featured_image_src":{"full":["https:\/\/progepe.ufpr.br\/capacitacao\/wp-content\/uploads\/2024\/05\/arquivos-ucaq-1.png",2000,647,false],"thumbnail":["https:\/\/progepe.ufpr.br\/capacitacao\/wp-content\/uploads\/2024\/05\/arquivos-ucaq-1-150x150.png",150,150,true],"medium":["https:\/\/progepe.ufpr.br\/capacitacao\/wp-content\/uploads\/2024\/05\/arquivos-ucaq-1-300x97.png",300,97,true],"medium_large":["https:\/\/progepe.ufpr.br\/capacitacao\/wp-content\/uploads\/2024\/05\/arquivos-ucaq-1-768x248.png",768,248,true],"large":["https:\/\/progepe.ufpr.br\/capacitacao\/wp-content\/uploads\/2024\/05\/arquivos-ucaq-1-1024x331.png",1024,331,true],"1536x1536":["https:\/\/progepe.ufpr.br\/capacitacao\/wp-content\/uploads\/2024\/05\/arquivos-ucaq-1-1536x497.png",1536,497,true],"2048x2048":["https:\/\/progepe.ufpr.br\/capacitacao\/wp-content\/uploads\/2024\/05\/arquivos-ucaq-1.png",2000,647,false]},"uagb_author_info":{"display_name":"progepe-admin","author_link":"https:\/\/progepe.ufpr.br\/capacitacao\/author\/progepe-admin\/"},"uagb_comment_info":0,"uagb_excerpt":"Prezadas e prezados, A PROGEPE\/CDP\/UCAQ informa que estar\u00e3o\u00a0abertas de\u00a020\u00a0a\u00a029\/05\/2024\u00a0as inscri\u00e7\u00f5es para o workshop\u00a0Facilita\u00e7\u00e3o Visual, voltado a\u00a0servidores(as) docentes e t\u00e9cnicos administrativos do quadro permanente da UFPR. Per\u00edodo de\u00a0inscri\u00e7\u00f5es: 20 a 29\/05\/2024 Data: 05\/06\/2024 Hor\u00e1rios: das 8h30 \u00e0s 12h30 e das 13h30 \u00e0s 17h30 Local: PROGEPE &#8211; Sala 02 Ministrante: Prof. Dr. Ed Sarro (UTFPR) Para\u00a0inscri\u00e7\u00f5es\u00a0e outras&hellip;","publishpress_future_action":{"enabled":false,"date":"2026-05-03 19:16:05","action":"category-remove","newStatus":"draft","terms":[328],"taxonomy":"carrossel"},"publishpress_future_workflow_manual_trigger":{"enabledWorkflows":[]},"_links":{"self":[{"href":"https:\/\/progepe.ufpr.br\/capacitacao\/wp-json\/wp\/v2\/posts\/6413","targetHints":{"allow":["GET"]}}],"collection":[{"href":"https:\/\/progepe.ufpr.br\/capacitacao\/wp-json\/wp\/v2\/posts"}],"about":[{"href":"https:\/\/progepe.ufpr.br\/capacitacao\/wp-json\/wp\/v2\/types\/post"}],"author":[{"embeddable":true,"href":"https:\/\/progepe.ufpr.br\/capacitacao\/wp-json\/wp\/v2\/users\/41"}],"replies":[{"embeddable":true,"href":"https:\/\/progepe.ufpr.br\/capacitacao\/wp-json\/wp\/v2\/comments?post=6413"}],"version-history":[{"count":1,"href":"https:\/\/progepe.ufpr.br\/capacitacao\/wp-json\/wp\/v2\/posts\/6413\/revisions"}],"predecessor-version":[{"id":77264,"href":"https:\/\/progepe.ufpr.br\/capacitacao\/wp-json\/wp\/v2\/posts\/6413\/revisions\/77264"}],"wp:featuredmedia":[{"embeddable":true,"href":"https:\/\/progepe.ufpr.br\/capacitacao\/wp-json\/wp\/v2\/media\/6408"}],"wp:attachment":[{"href":"https:\/\/progepe.ufpr.br\/capacitacao\/wp-json\/wp\/v2\/media?parent=6413"}],"wp:term":[{"taxonomy":"category","embeddable":true,"href":"https:\/\/progepe.ufpr.br\/capacitacao\/wp-json\/wp\/v2\/categories?post=6413"},{"taxonomy":"post_tag","embeddable":true,"href":"https:\/\/progepe.ufpr.br\/capacitacao\/wp-json\/wp\/v2\/tags?post=6413"}],"curies":[{"name":"wp","href":"https:\/\/api.w.org\/{rel}","templated":true}]}}