{"id":6418,"date":"2024-06-07T14:36:37","date_gmt":"2024-06-07T17:36:37","guid":{"rendered":"https:\/\/www.prppg.ufpr.br\/site\/portalcapacitacao\/?p=6418"},"modified":"2025-02-05T14:39:33","modified_gmt":"2025-02-05T17:39:33","slug":"curso-lgpd","status":"publish","type":"post","link":"https:\/\/progepe.ufpr.br\/capacitacao\/curso-lgpd\/","title":{"rendered":"Curso LGPD"},"content":{"rendered":"<div>Prezadas e prezados,<\/div>\n<div><\/div>\n<div>A PROGEPE\/CDP\/UCAQ informa que estar\u00e3o\u00a0abertas de<b> 1<\/b><b>0 a 18\/06\/2024<\/b> as inscri\u00e7\u00f5es para o curso <strong>LGPD<\/strong>, voltado a servidores(as) docentes e t\u00e9cnicos administrativos do quadro permanente da UFPR.<\/div>\n<div><\/div>\n<div><b>Per\u00edodo de<\/b><b>\u00a0inscri\u00e7\u00f5es<\/b>: 10 a 18\/06\/2024<\/div>\n<div><b>Data<\/b>: 24\/06\/2024 a 03\/07\/2024<\/div>\n<div><b>Hor\u00e1rios<\/b>: Segundas e Quartas-feiras, das 14h00 \u00e0s 16h00<\/div>\n<div><strong>Carga Hor\u00e1ria:<\/strong> 8h<\/div>\n<div><b>Local<\/b>: Teams<\/div>\n<div><b>Ministrante<\/b>: Leonardo Gomes de Melo<\/div>\n<div><\/div>\n<div>Para inscri\u00e7\u00f5es e outras informa\u00e7\u00f5es sobre o curso,\u00a0<a href=\"https:\/\/doity.com.br\/lgpd-4\">clique aqui.<\/a><\/div>\n","protected":false},"excerpt":{"rendered":"<p>Prezadas e prezados, A PROGEPE\/CDP\/UCAQ informa que estar\u00e3o\u00a0abertas de 10 a 18\/06\/2024 as inscri\u00e7\u00f5es para o curso LGPD, voltado a servidores(as) docentes e t\u00e9cnicos administrativos do quadro permanente da UFPR. Per\u00edodo de\u00a0inscri\u00e7\u00f5es: 10 a 18\/06\/2024 Data: 24\/06\/2024 a 03\/07\/2024 Hor\u00e1rios: Segundas e Quartas-feiras, das 14h00 \u00e0s 16h00 Carga Hor\u00e1ria: 8h Local: Teams Ministrante: Leonardo Gomes [&hellip;]<\/p>\n","protected":false},"author":41,"featured_media":6420,"comment_status":"closed","ping_status":"closed","sticky":false,"template":"","format":"standard","meta":{"_coblocks_attr":"","_coblocks_dimensions":"","_coblocks_responsive_height":"","_coblocks_accordion_ie_support":"","_uag_custom_page_level_css":"","iawp_total_views":1,"footnotes":""},"categories":[324],"tags":[],"class_list":["post-6418","post","type-post","status-publish","format-standard","has-post-thumbnail","hentry","category-acoes_desenvolvimento"],"uagb_featured_image_src":{"full":["https:\/\/progepe.ufpr.br\/capacitacao\/wp-content\/uploads\/2024\/06\/arquivos-ucaq.png",2000,647,false],"thumbnail":["https:\/\/progepe.ufpr.br\/capacitacao\/wp-content\/uploads\/2024\/06\/arquivos-ucaq-150x150.png",150,150,true],"medium":["https:\/\/progepe.ufpr.br\/capacitacao\/wp-content\/uploads\/2024\/06\/arquivos-ucaq-300x97.png",300,97,true],"medium_large":["https:\/\/progepe.ufpr.br\/capacitacao\/wp-content\/uploads\/2024\/06\/arquivos-ucaq-768x248.png",768,248,true],"large":["https:\/\/progepe.ufpr.br\/capacitacao\/wp-content\/uploads\/2024\/06\/arquivos-ucaq-1024x331.png",1024,331,true],"1536x1536":["https:\/\/progepe.ufpr.br\/capacitacao\/wp-content\/uploads\/2024\/06\/arquivos-ucaq-1536x497.png",1536,497,true],"2048x2048":["https:\/\/progepe.ufpr.br\/capacitacao\/wp-content\/uploads\/2024\/06\/arquivos-ucaq.png",2000,647,false]},"uagb_author_info":{"display_name":"progepe-admin","author_link":"https:\/\/progepe.ufpr.br\/capacitacao\/author\/progepe-admin\/"},"uagb_comment_info":0,"uagb_excerpt":"Prezadas e prezados, A PROGEPE\/CDP\/UCAQ informa que estar\u00e3o\u00a0abertas de 10 a 18\/06\/2024 as inscri\u00e7\u00f5es para o curso LGPD, voltado a servidores(as) docentes e t\u00e9cnicos administrativos do quadro permanente da UFPR. Per\u00edodo de\u00a0inscri\u00e7\u00f5es: 10 a 18\/06\/2024 Data: 24\/06\/2024 a 03\/07\/2024 Hor\u00e1rios: Segundas e Quartas-feiras, das 14h00 \u00e0s 16h00 Carga Hor\u00e1ria: 8h Local: Teams Ministrante: Leonardo Gomes&hellip;","publishpress_future_action":{"enabled":false,"date":"2026-05-03 04:26:34","action":"category-remove","newStatus":"draft","terms":[328],"taxonomy":"carrossel"},"publishpress_future_workflow_manual_trigger":{"enabledWorkflows":[]},"_links":{"self":[{"href":"https:\/\/progepe.ufpr.br\/capacitacao\/wp-json\/wp\/v2\/posts\/6418","targetHints":{"allow":["GET"]}}],"collection":[{"href":"https:\/\/progepe.ufpr.br\/capacitacao\/wp-json\/wp\/v2\/posts"}],"about":[{"href":"https:\/\/progepe.ufpr.br\/capacitacao\/wp-json\/wp\/v2\/types\/post"}],"author":[{"embeddable":true,"href":"https:\/\/progepe.ufpr.br\/capacitacao\/wp-json\/wp\/v2\/users\/41"}],"replies":[{"embeddable":true,"href":"https:\/\/progepe.ufpr.br\/capacitacao\/wp-json\/wp\/v2\/comments?post=6418"}],"version-history":[{"count":1,"href":"https:\/\/progepe.ufpr.br\/capacitacao\/wp-json\/wp\/v2\/posts\/6418\/revisions"}],"predecessor-version":[{"id":77263,"href":"https:\/\/progepe.ufpr.br\/capacitacao\/wp-json\/wp\/v2\/posts\/6418\/revisions\/77263"}],"wp:featuredmedia":[{"embeddable":true,"href":"https:\/\/progepe.ufpr.br\/capacitacao\/wp-json\/wp\/v2\/media\/6420"}],"wp:attachment":[{"href":"https:\/\/progepe.ufpr.br\/capacitacao\/wp-json\/wp\/v2\/media?parent=6418"}],"wp:term":[{"taxonomy":"category","embeddable":true,"href":"https:\/\/progepe.ufpr.br\/capacitacao\/wp-json\/wp\/v2\/categories?post=6418"},{"taxonomy":"post_tag","embeddable":true,"href":"https:\/\/progepe.ufpr.br\/capacitacao\/wp-json\/wp\/v2\/tags?post=6418"}],"curies":[{"name":"wp","href":"https:\/\/api.w.org\/{rel}","templated":true}]}}