{"id":6458,"date":"2024-07-30T16:12:01","date_gmt":"2024-07-30T19:12:01","guid":{"rendered":"https:\/\/www.prppg.ufpr.br\/site\/portalcapacitacao\/?p=6458"},"modified":"2025-02-05T14:39:33","modified_gmt":"2025-02-05T17:39:33","slug":"6458-2","status":"publish","type":"post","link":"https:\/\/progepe.ufpr.br\/capacitacao\/6458-2\/","title":{"rendered":"Curso: &#8220;Libre Office &#8211; Planilha eletr\u00f4nica Calc II&#8221;"},"content":{"rendered":"<div>A PROGEPE\/CDP\/UCAQ\u00a0 divulga a oferta do curso\u00a0<b>Libre Office &#8211; Planilha eletr\u00f4nica Calc II<\/b>,\u00a0visando \u00e0 capacita\u00e7\u00e3o de servidores docentes e TAEs da UFPR na utiliza\u00e7\u00e3o de planilhas eletr\u00f4nicas para subsidiar atividades administrativas de controle de registro acad\u00eamico, aquisi\u00e7\u00e3o de bens de consumo e permanentes e o gerenciamento financeiro de se\u00e7\u00f5es\/departamentos, a partir de exemplos de edi\u00e7\u00e3o da planilha, opera\u00e7\u00f5es matem\u00e1ticas e tratamento de dados.<\/div>\n<div>Per\u00edodo de realiza\u00e7\u00e3o: 20\/08 a 19\/09\/2024<\/div>\n<div>Per\u00edodo de inscri\u00e7\u00f5es: 06 a 13\/08\/2024<\/div>\n<div>Dias e hor\u00e1rios: ter\u00e7as e quintas-feiras, 14h30 \u00e0s 16h30<\/div>\n<div>Local: Laborat\u00f3rio da PROGEPE<\/div>\n<div>Carga hor\u00e1ria: 20 horas<\/div>\n<div>Instrutor: Prof. Dr. Roberto Pettres<\/div>\n<div>Para mais informa\u00e7\u00f5es sobre o curso e inscri\u00e7\u00f5es<a id=\"LPlnk664130\" class=\"OWAAutoLink\" title=\"https:\/\/doity.com.br\/libre-office--planilha-eletronica-calc-ii\" href=\"https:\/\/doity.com.br\/libre-office--planilha-eletronica-calc-ii\" data-auth=\"NotApplicable\">\u00a0clique aqui<\/a>.<\/div>\n","protected":false},"excerpt":{"rendered":"<p>A PROGEPE\/CDP\/UCAQ\u00a0 divulga a oferta do curso\u00a0Libre Office &#8211; Planilha eletr\u00f4nica Calc II,\u00a0visando \u00e0 capacita\u00e7\u00e3o de servidores docentes e TAEs da UFPR na utiliza\u00e7\u00e3o de planilhas eletr\u00f4nicas para subsidiar atividades administrativas de controle de registro acad\u00eamico, aquisi\u00e7\u00e3o de bens de consumo e permanentes e o gerenciamento financeiro de se\u00e7\u00f5es\/departamentos, a partir de exemplos de edi\u00e7\u00e3o [&hellip;]<\/p>\n","protected":false},"author":41,"featured_media":6459,"comment_status":"closed","ping_status":"closed","sticky":false,"template":"","format":"standard","meta":{"_coblocks_attr":"","_coblocks_dimensions":"","_coblocks_responsive_height":"","_coblocks_accordion_ie_support":"","_uag_custom_page_level_css":"","iawp_total_views":4,"footnotes":""},"categories":[324],"tags":[],"class_list":["post-6458","post","type-post","status-publish","format-standard","has-post-thumbnail","hentry","category-acoes_desenvolvimento"],"uagb_featured_image_src":{"full":["https:\/\/progepe.ufpr.br\/capacitacao\/wp-content\/uploads\/2024\/07\/banners-5.jpg",2000,647,false],"thumbnail":["https:\/\/progepe.ufpr.br\/capacitacao\/wp-content\/uploads\/2024\/07\/banners-5-150x150.jpg",150,150,true],"medium":["https:\/\/progepe.ufpr.br\/capacitacao\/wp-content\/uploads\/2024\/07\/banners-5-300x97.jpg",300,97,true],"medium_large":["https:\/\/progepe.ufpr.br\/capacitacao\/wp-content\/uploads\/2024\/07\/banners-5-768x248.jpg",768,248,true],"large":["https:\/\/progepe.ufpr.br\/capacitacao\/wp-content\/uploads\/2024\/07\/banners-5-1024x331.jpg",1024,331,true],"1536x1536":["https:\/\/progepe.ufpr.br\/capacitacao\/wp-content\/uploads\/2024\/07\/banners-5-1536x497.jpg",1536,497,true],"2048x2048":["https:\/\/progepe.ufpr.br\/capacitacao\/wp-content\/uploads\/2024\/07\/banners-5.jpg",2000,647,false]},"uagb_author_info":{"display_name":"progepe-admin","author_link":"https:\/\/progepe.ufpr.br\/capacitacao\/author\/progepe-admin\/"},"uagb_comment_info":0,"uagb_excerpt":"A PROGEPE\/CDP\/UCAQ\u00a0 divulga a oferta do curso\u00a0Libre Office &#8211; Planilha eletr\u00f4nica Calc II,\u00a0visando \u00e0 capacita\u00e7\u00e3o de servidores docentes e TAEs da UFPR na utiliza\u00e7\u00e3o de planilhas eletr\u00f4nicas para subsidiar atividades administrativas de controle de registro acad\u00eamico, aquisi\u00e7\u00e3o de bens de consumo e permanentes e o gerenciamento financeiro de se\u00e7\u00f5es\/departamentos, a partir de exemplos de edi\u00e7\u00e3o&hellip;","publishpress_future_action":{"enabled":false,"date":"2026-05-03 04:26:35","action":"category-remove","newStatus":"draft","terms":[328],"taxonomy":"carrossel"},"publishpress_future_workflow_manual_trigger":{"enabledWorkflows":[]},"_links":{"self":[{"href":"https:\/\/progepe.ufpr.br\/capacitacao\/wp-json\/wp\/v2\/posts\/6458","targetHints":{"allow":["GET"]}}],"collection":[{"href":"https:\/\/progepe.ufpr.br\/capacitacao\/wp-json\/wp\/v2\/posts"}],"about":[{"href":"https:\/\/progepe.ufpr.br\/capacitacao\/wp-json\/wp\/v2\/types\/post"}],"author":[{"embeddable":true,"href":"https:\/\/progepe.ufpr.br\/capacitacao\/wp-json\/wp\/v2\/users\/41"}],"replies":[{"embeddable":true,"href":"https:\/\/progepe.ufpr.br\/capacitacao\/wp-json\/wp\/v2\/comments?post=6458"}],"version-history":[{"count":2,"href":"https:\/\/progepe.ufpr.br\/capacitacao\/wp-json\/wp\/v2\/posts\/6458\/revisions"}],"predecessor-version":[{"id":77405,"href":"https:\/\/progepe.ufpr.br\/capacitacao\/wp-json\/wp\/v2\/posts\/6458\/revisions\/77405"}],"wp:featuredmedia":[{"embeddable":true,"href":"https:\/\/progepe.ufpr.br\/capacitacao\/wp-json\/wp\/v2\/media\/6459"}],"wp:attachment":[{"href":"https:\/\/progepe.ufpr.br\/capacitacao\/wp-json\/wp\/v2\/media?parent=6458"}],"wp:term":[{"taxonomy":"category","embeddable":true,"href":"https:\/\/progepe.ufpr.br\/capacitacao\/wp-json\/wp\/v2\/categories?post=6458"},{"taxonomy":"post_tag","embeddable":true,"href":"https:\/\/progepe.ufpr.br\/capacitacao\/wp-json\/wp\/v2\/tags?post=6458"}],"curies":[{"name":"wp","href":"https:\/\/api.w.org\/{rel}","templated":true}]}}