{"id":6461,"date":"2024-07-30T16:14:49","date_gmt":"2024-07-30T19:14:49","guid":{"rendered":"https:\/\/www.prppg.ufpr.br\/site\/portalcapacitacao\/?p=6461"},"modified":"2025-02-05T14:39:33","modified_gmt":"2025-02-05T17:39:33","slug":"6461-2","status":"publish","type":"post","link":"https:\/\/progepe.ufpr.br\/capacitacao\/6461-2\/","title":{"rendered":"Curso: &#8220;Como elaborar um projeto de pesquisa com qualidade&#8221;"},"content":{"rendered":"<div>A PROGEPE\/CDP\/UCAQ divulga a oferta do curso\u00a0<b>Como elaborar um projeto de pesquisa com qualidade<\/b>,\u00a0visando \u00e0 capacita\u00e7\u00e3o de servidores docentes e TAEs da UFPR para a produ\u00e7\u00e3o de um projeto que atenda aos requisitos m\u00ednimos esperados por um programa de p\u00f3s-gradua\u00e7\u00e3o qualificado. Assim, a a\u00e7\u00e3o objetiva subsidiar o planejamento, o desenvolvimento e a reda\u00e7\u00e3o de um projeto de pesquisa na \u00e1rea de interesse da(o) participante.<\/div>\n<div>Per\u00edodo de realiza\u00e7\u00e3o: 21\/08 a 18\/09\/2024<\/div>\n<div>Per\u00edodo de inscri\u00e7\u00f5es: 07 a 14\/08\/2024<\/div>\n<div>Dias e hor\u00e1rios: quartas-feiras, 8h \u00e0s 12h<\/div>\n<div>Local: Audit\u00f3rio da PROGEPE<\/div>\n<div>Carga hor\u00e1ria: 20 horas<\/div>\n<div>Instrutor: Prof. Dr. Alan Ripoll Alves<\/div>\n<div>Para mais informa\u00e7\u00f5es sobre o curso e inscri\u00e7\u00f5es<a id=\"LPlnk\" class=\"OWAAutoLink\" title=\"https:\/\/doity.com.br\/como-elaborar-um-projeto-de-pesquisa-com-qualidade\" href=\"https:\/\/doity.com.br\/como-elaborar-um-projeto-de-pesquisa-com-qualidade\" data-auth=\"NotApplicable\">\u00a0clique aqui<\/a>.<\/div>\n","protected":false},"excerpt":{"rendered":"<p>A PROGEPE\/CDP\/UCAQ divulga a oferta do curso\u00a0Como elaborar um projeto de pesquisa com qualidade,\u00a0visando \u00e0 capacita\u00e7\u00e3o de servidores docentes e TAEs da UFPR para a produ\u00e7\u00e3o de um projeto que atenda aos requisitos m\u00ednimos esperados por um programa de p\u00f3s-gradua\u00e7\u00e3o qualificado. Assim, a a\u00e7\u00e3o objetiva subsidiar o planejamento, o desenvolvimento e a reda\u00e7\u00e3o de um [&hellip;]<\/p>\n","protected":false},"author":41,"featured_media":6457,"comment_status":"closed","ping_status":"closed","sticky":false,"template":"","format":"standard","meta":{"_coblocks_attr":"","_coblocks_dimensions":"","_coblocks_responsive_height":"","_coblocks_accordion_ie_support":"","_uag_custom_page_level_css":"","iawp_total_views":23,"footnotes":""},"categories":[324],"tags":[],"class_list":["post-6461","post","type-post","status-publish","format-standard","has-post-thumbnail","hentry","category-acoes_desenvolvimento"],"uagb_featured_image_src":{"full":["https:\/\/progepe.ufpr.br\/capacitacao\/wp-content\/uploads\/2024\/07\/banners-4.jpg",2000,647,false],"thumbnail":["https:\/\/progepe.ufpr.br\/capacitacao\/wp-content\/uploads\/2024\/07\/banners-4-150x150.jpg",150,150,true],"medium":["https:\/\/progepe.ufpr.br\/capacitacao\/wp-content\/uploads\/2024\/07\/banners-4-300x97.jpg",300,97,true],"medium_large":["https:\/\/progepe.ufpr.br\/capacitacao\/wp-content\/uploads\/2024\/07\/banners-4-768x248.jpg",768,248,true],"large":["https:\/\/progepe.ufpr.br\/capacitacao\/wp-content\/uploads\/2024\/07\/banners-4-1024x331.jpg",1024,331,true],"1536x1536":["https:\/\/progepe.ufpr.br\/capacitacao\/wp-content\/uploads\/2024\/07\/banners-4-1536x497.jpg",1536,497,true],"2048x2048":["https:\/\/progepe.ufpr.br\/capacitacao\/wp-content\/uploads\/2024\/07\/banners-4.jpg",2000,647,false]},"uagb_author_info":{"display_name":"progepe-admin","author_link":"https:\/\/progepe.ufpr.br\/capacitacao\/author\/progepe-admin\/"},"uagb_comment_info":0,"uagb_excerpt":"A PROGEPE\/CDP\/UCAQ divulga a oferta do curso\u00a0Como elaborar um projeto de pesquisa com qualidade,\u00a0visando \u00e0 capacita\u00e7\u00e3o de servidores docentes e TAEs da UFPR para a produ\u00e7\u00e3o de um projeto que atenda aos requisitos m\u00ednimos esperados por um programa de p\u00f3s-gradua\u00e7\u00e3o qualificado. Assim, a a\u00e7\u00e3o objetiva subsidiar o planejamento, o desenvolvimento e a reda\u00e7\u00e3o de um&hellip;","publishpress_future_action":{"enabled":false,"date":"2026-05-03 04:26:34","action":"category-remove","newStatus":"draft","terms":[328],"taxonomy":"carrossel"},"publishpress_future_workflow_manual_trigger":{"enabledWorkflows":[]},"_links":{"self":[{"href":"https:\/\/progepe.ufpr.br\/capacitacao\/wp-json\/wp\/v2\/posts\/6461","targetHints":{"allow":["GET"]}}],"collection":[{"href":"https:\/\/progepe.ufpr.br\/capacitacao\/wp-json\/wp\/v2\/posts"}],"about":[{"href":"https:\/\/progepe.ufpr.br\/capacitacao\/wp-json\/wp\/v2\/types\/post"}],"author":[{"embeddable":true,"href":"https:\/\/progepe.ufpr.br\/capacitacao\/wp-json\/wp\/v2\/users\/41"}],"replies":[{"embeddable":true,"href":"https:\/\/progepe.ufpr.br\/capacitacao\/wp-json\/wp\/v2\/comments?post=6461"}],"version-history":[{"count":2,"href":"https:\/\/progepe.ufpr.br\/capacitacao\/wp-json\/wp\/v2\/posts\/6461\/revisions"}],"predecessor-version":[{"id":77404,"href":"https:\/\/progepe.ufpr.br\/capacitacao\/wp-json\/wp\/v2\/posts\/6461\/revisions\/77404"}],"wp:featuredmedia":[{"embeddable":true,"href":"https:\/\/progepe.ufpr.br\/capacitacao\/wp-json\/wp\/v2\/media\/6457"}],"wp:attachment":[{"href":"https:\/\/progepe.ufpr.br\/capacitacao\/wp-json\/wp\/v2\/media?parent=6461"}],"wp:term":[{"taxonomy":"category","embeddable":true,"href":"https:\/\/progepe.ufpr.br\/capacitacao\/wp-json\/wp\/v2\/categories?post=6461"},{"taxonomy":"post_tag","embeddable":true,"href":"https:\/\/progepe.ufpr.br\/capacitacao\/wp-json\/wp\/v2\/tags?post=6461"}],"curies":[{"name":"wp","href":"https:\/\/api.w.org\/{rel}","templated":true}]}}