{"id":6475,"date":"2024-08-27T10:47:10","date_gmt":"2024-08-27T13:47:10","guid":{"rendered":"https:\/\/www.prppg.ufpr.br\/site\/portalcapacitacao\/?p=6475"},"modified":"2025-02-05T14:39:33","modified_gmt":"2025-02-05T17:39:33","slug":"6475-2","status":"publish","type":"post","link":"https:\/\/progepe.ufpr.br\/capacitacao\/6475-2\/","title":{"rendered":"Curso &#8220;Inclus\u00e3o e acessibilidade de pessoas com defici\u00eancia&#8221;"},"content":{"rendered":"<div>A PROGEPE\/CDP\/UCAQ divulga a oferta do curso \u201c<b>Inclus\u00e3o e acessibilidade de pessoas com defici\u00eancia<\/b>\u201c, com o objetivo de capacitar servidores docentes e TAEs do quadro ativo e permanente da UFPR para conhecer e refletir criticamente sobre as pol\u00edticas de inclus\u00e3o e acessibilidade de forma a contribuir para a promo\u00e7\u00e3o de uma administra\u00e7\u00e3o p\u00fablica inclusiva.<\/div>\n<p>Per\u00edodo de realiza\u00e7\u00e3o: 17\/9 a 10\/12\/2024<\/p>\n<p>Per\u00edodo de inscri\u00e7\u00f5es: 3 a 10\/9\/2024<\/p>\n<p>Dias e hor\u00e1rios: ter\u00e7as e sextas-feiras, 8h \u00e0s 10h30 (encontros online e s\u00edncronos\u00a0no Microsoft Teams)<\/p>\n<p>Carga hor\u00e1ria: 60 horas<\/p>\n<p>Instrutora: Prof.\u00aa Dra. Raquel \u00c2ngela Speck<\/p>\n<p>Programa\u00e7\u00e3o completa do curso:\u00a0<a href=\"https:\/\/progepe.ufpr.br\/capacitacao\/wp-content\/uploads\/2024\/08\/plano-de-ensino-inclusao-e-acessibilidade.pdf\">Plano de ensino \u2013 Inclus\u00e3o e acessibilidade<\/a><\/p>\n<div>Para mais informa\u00e7\u00f5es e inscri\u00e7\u00f5es <a id=\"LPlnk\" class=\"OWAAutoLink\" title=\"https:\/\/doity.com.br\/inclusao-e-acessibilidade-de-pessoas-com-deficiencia\" href=\"https:\/\/doity.com.br\/inclusao-e-acessibilidade-de-pessoas-com-deficiencia\" data-auth=\"NotApplicable\">clique aqui.<\/a><\/div>\n<p>&nbsp;<\/p>\n","protected":false},"excerpt":{"rendered":"<p>A PROGEPE\/CDP\/UCAQ divulga a oferta do curso \u201cInclus\u00e3o e acessibilidade de pessoas com defici\u00eancia\u201c, com o objetivo de capacitar servidores docentes e TAEs do quadro ativo e permanente da UFPR para conhecer e refletir criticamente sobre as pol\u00edticas de inclus\u00e3o e acessibilidade de forma a contribuir para a promo\u00e7\u00e3o de uma administra\u00e7\u00e3o p\u00fablica inclusiva. Per\u00edodo [&hellip;]<\/p>\n","protected":false},"author":41,"featured_media":6476,"comment_status":"closed","ping_status":"closed","sticky":false,"template":"","format":"standard","meta":{"_coblocks_attr":"","_coblocks_dimensions":"","_coblocks_responsive_height":"","_coblocks_accordion_ie_support":"","_uag_custom_page_level_css":"","iawp_total_views":5,"footnotes":""},"categories":[324],"tags":[],"class_list":["post-6475","post","type-post","status-publish","format-standard","has-post-thumbnail","hentry","category-acoes_desenvolvimento"],"uagb_featured_image_src":{"full":["https:\/\/progepe.ufpr.br\/capacitacao\/wp-content\/uploads\/2024\/08\/banners-3.jpg",2000,647,false],"thumbnail":["https:\/\/progepe.ufpr.br\/capacitacao\/wp-content\/uploads\/2024\/08\/banners-3-150x150.jpg",150,150,true],"medium":["https:\/\/progepe.ufpr.br\/capacitacao\/wp-content\/uploads\/2024\/08\/banners-3-300x97.jpg",300,97,true],"medium_large":["https:\/\/progepe.ufpr.br\/capacitacao\/wp-content\/uploads\/2024\/08\/banners-3-768x248.jpg",768,248,true],"large":["https:\/\/progepe.ufpr.br\/capacitacao\/wp-content\/uploads\/2024\/08\/banners-3-1024x331.jpg",1024,331,true],"1536x1536":["https:\/\/progepe.ufpr.br\/capacitacao\/wp-content\/uploads\/2024\/08\/banners-3-1536x497.jpg",1536,497,true],"2048x2048":["https:\/\/progepe.ufpr.br\/capacitacao\/wp-content\/uploads\/2024\/08\/banners-3.jpg",2000,647,false]},"uagb_author_info":{"display_name":"progepe-admin","author_link":"https:\/\/progepe.ufpr.br\/capacitacao\/author\/progepe-admin\/"},"uagb_comment_info":0,"uagb_excerpt":"A PROGEPE\/CDP\/UCAQ divulga a oferta do curso \u201cInclus\u00e3o e acessibilidade de pessoas com defici\u00eancia\u201c, com o objetivo de capacitar servidores docentes e TAEs do quadro ativo e permanente da UFPR para conhecer e refletir criticamente sobre as pol\u00edticas de inclus\u00e3o e acessibilidade de forma a contribuir para a promo\u00e7\u00e3o de uma administra\u00e7\u00e3o p\u00fablica inclusiva. Per\u00edodo&hellip;","publishpress_future_action":{"enabled":false,"date":"2026-05-03 04:26:35","action":"category-remove","newStatus":"draft","terms":[328],"taxonomy":"carrossel"},"publishpress_future_workflow_manual_trigger":{"enabledWorkflows":[]},"_links":{"self":[{"href":"https:\/\/progepe.ufpr.br\/capacitacao\/wp-json\/wp\/v2\/posts\/6475","targetHints":{"allow":["GET"]}}],"collection":[{"href":"https:\/\/progepe.ufpr.br\/capacitacao\/wp-json\/wp\/v2\/posts"}],"about":[{"href":"https:\/\/progepe.ufpr.br\/capacitacao\/wp-json\/wp\/v2\/types\/post"}],"author":[{"embeddable":true,"href":"https:\/\/progepe.ufpr.br\/capacitacao\/wp-json\/wp\/v2\/users\/41"}],"replies":[{"embeddable":true,"href":"https:\/\/progepe.ufpr.br\/capacitacao\/wp-json\/wp\/v2\/comments?post=6475"}],"version-history":[{"count":2,"href":"https:\/\/progepe.ufpr.br\/capacitacao\/wp-json\/wp\/v2\/posts\/6475\/revisions"}],"predecessor-version":[{"id":77403,"href":"https:\/\/progepe.ufpr.br\/capacitacao\/wp-json\/wp\/v2\/posts\/6475\/revisions\/77403"}],"wp:featuredmedia":[{"embeddable":true,"href":"https:\/\/progepe.ufpr.br\/capacitacao\/wp-json\/wp\/v2\/media\/6476"}],"wp:attachment":[{"href":"https:\/\/progepe.ufpr.br\/capacitacao\/wp-json\/wp\/v2\/media?parent=6475"}],"wp:term":[{"taxonomy":"category","embeddable":true,"href":"https:\/\/progepe.ufpr.br\/capacitacao\/wp-json\/wp\/v2\/categories?post=6475"},{"taxonomy":"post_tag","embeddable":true,"href":"https:\/\/progepe.ufpr.br\/capacitacao\/wp-json\/wp\/v2\/tags?post=6475"}],"curies":[{"name":"wp","href":"https:\/\/api.w.org\/{rel}","templated":true}]}}