{"id":6494,"date":"2024-09-06T11:30:45","date_gmt":"2024-09-06T14:30:45","guid":{"rendered":"https:\/\/www.prppg.ufpr.br\/site\/portalcapacitacao\/?p=6494"},"modified":"2025-02-20T14:20:35","modified_gmt":"2025-02-20T17:20:35","slug":"libre-office-writer-i-nivel-basico","status":"publish","type":"post","link":"https:\/\/progepe.ufpr.br\/capacitacao\/libre-office-writer-i-nivel-basico\/","title":{"rendered":"Libre Office Writer I &#8211; N\u00edvel b\u00e1sico"},"content":{"rendered":"\n<p>A PROGEPE\/CDP\/UCAQ divulga a abertura de inscri\u00e7\u00f5es para o curso de capacita\u00e7\u00e3o Libre Office Writer I &#8211; N\u00edvel b\u00e1sico, voltado a servidores(as) docentes e t\u00e9cnicos administrativos do quadro permanente da UFPR.<\/p>\n\n\n\n<p><strong>Per\u00edodo de realiza\u00e7\u00e3o<\/strong>: 26\/9 a 29\/10\/2024<br><strong>Per\u00edodo de inscri\u00e7\u00f5es<\/strong>: 12 a 19\/9\/2024<br><strong>Dias e hor\u00e1rios<\/strong>: ter\u00e7as e quintas-feiras, 14h30 \u00e0s 16h30<br><b>Local<\/b>: Laborat\u00f3rio de Inform\u00e1tica da PROGEPE<br><strong>Carga hor\u00e1ria<\/strong>: 20 horas<br><strong>Instrutora<\/strong>: Elisa Cristina de Carvalho<\/p>\n\n\n\n<p>Para mais informa\u00e7\u00f5es sobre o curso e inscri\u00e7\u00f5es\u00a0<a class=\"OWAAutoLink\" title=\"https:\/\/doity.com.br\/libre-office-writer-i\" data-auth=\"NotApplicable\" href=\"https:\/\/doity.com.br\/libre-office-writer-i\" id=\"LPlnk\">clique aqui<\/a>.<\/p>\n","protected":false},"excerpt":{"rendered":"<p>A PROGEPE\/CDP\/UCAQ divulga a abertura de inscri\u00e7\u00f5es para o curso de capacita\u00e7\u00e3o Libre Office Writer I &#8211; N\u00edvel b\u00e1sico, voltado a servidores(as) docentes e t\u00e9cnicos administrativos do quadro permanente da UFPR. Per\u00edodo de realiza\u00e7\u00e3o: 26\/9 a 29\/10\/2024Per\u00edodo de inscri\u00e7\u00f5es: 12 a 19\/9\/2024Dias e hor\u00e1rios: ter\u00e7as e quintas-feiras, 14h30 \u00e0s 16h30Local: Laborat\u00f3rio de Inform\u00e1tica da PROGEPECarga [&hellip;]<\/p>\n","protected":false},"author":41,"featured_media":77358,"comment_status":"closed","ping_status":"closed","sticky":false,"template":"","format":"standard","meta":{"_coblocks_attr":"","_coblocks_dimensions":"","_coblocks_responsive_height":"","_coblocks_accordion_ie_support":"","_uag_custom_page_level_css":"","iawp_total_views":0,"footnotes":""},"categories":[324],"tags":[],"class_list":["post-6494","post","type-post","status-publish","format-standard","has-post-thumbnail","hentry","category-acoes_desenvolvimento"],"uagb_featured_image_src":{"full":["https:\/\/progepe.ufpr.br\/capacitacao\/wp-content\/uploads\/2024\/09\/banners-11.png",2000,647,false],"thumbnail":["https:\/\/progepe.ufpr.br\/capacitacao\/wp-content\/uploads\/2024\/09\/banners-11-150x150.png",150,150,true],"medium":["https:\/\/progepe.ufpr.br\/capacitacao\/wp-content\/uploads\/2024\/09\/banners-11-300x97.png",300,97,true],"medium_large":["https:\/\/progepe.ufpr.br\/capacitacao\/wp-content\/uploads\/2024\/09\/banners-11-768x248.png",768,248,true],"large":["https:\/\/progepe.ufpr.br\/capacitacao\/wp-content\/uploads\/2024\/09\/banners-11-1024x331.png",1024,331,true],"1536x1536":["https:\/\/progepe.ufpr.br\/capacitacao\/wp-content\/uploads\/2024\/09\/banners-11-1536x497.png",1536,497,true],"2048x2048":["https:\/\/progepe.ufpr.br\/capacitacao\/wp-content\/uploads\/2024\/09\/banners-11.png",2000,647,false]},"uagb_author_info":{"display_name":"progepe-admin","author_link":"https:\/\/progepe.ufpr.br\/capacitacao\/author\/progepe-admin\/"},"uagb_comment_info":0,"uagb_excerpt":"A PROGEPE\/CDP\/UCAQ divulga a abertura de inscri\u00e7\u00f5es para o curso de capacita\u00e7\u00e3o Libre Office Writer I &#8211; N\u00edvel b\u00e1sico, voltado a servidores(as) docentes e t\u00e9cnicos administrativos do quadro permanente da UFPR. Per\u00edodo de realiza\u00e7\u00e3o: 26\/9 a 29\/10\/2024Per\u00edodo de inscri\u00e7\u00f5es: 12 a 19\/9\/2024Dias e hor\u00e1rios: ter\u00e7as e quintas-feiras, 14h30 \u00e0s 16h30Local: Laborat\u00f3rio de Inform\u00e1tica da PROGEPECarga&hellip;","publishpress_future_action":{"enabled":false,"date":"2026-05-03 04:26:34","action":"category-remove","newStatus":"draft","terms":[328],"taxonomy":"carrossel"},"publishpress_future_workflow_manual_trigger":{"enabledWorkflows":[]},"_links":{"self":[{"href":"https:\/\/progepe.ufpr.br\/capacitacao\/wp-json\/wp\/v2\/posts\/6494","targetHints":{"allow":["GET"]}}],"collection":[{"href":"https:\/\/progepe.ufpr.br\/capacitacao\/wp-json\/wp\/v2\/posts"}],"about":[{"href":"https:\/\/progepe.ufpr.br\/capacitacao\/wp-json\/wp\/v2\/types\/post"}],"author":[{"embeddable":true,"href":"https:\/\/progepe.ufpr.br\/capacitacao\/wp-json\/wp\/v2\/users\/41"}],"replies":[{"embeddable":true,"href":"https:\/\/progepe.ufpr.br\/capacitacao\/wp-json\/wp\/v2\/comments?post=6494"}],"version-history":[{"count":2,"href":"https:\/\/progepe.ufpr.br\/capacitacao\/wp-json\/wp\/v2\/posts\/6494\/revisions"}],"predecessor-version":[{"id":77360,"href":"https:\/\/progepe.ufpr.br\/capacitacao\/wp-json\/wp\/v2\/posts\/6494\/revisions\/77360"}],"wp:featuredmedia":[{"embeddable":true,"href":"https:\/\/progepe.ufpr.br\/capacitacao\/wp-json\/wp\/v2\/media\/77358"}],"wp:attachment":[{"href":"https:\/\/progepe.ufpr.br\/capacitacao\/wp-json\/wp\/v2\/media?parent=6494"}],"wp:term":[{"taxonomy":"category","embeddable":true,"href":"https:\/\/progepe.ufpr.br\/capacitacao\/wp-json\/wp\/v2\/categories?post=6494"},{"taxonomy":"post_tag","embeddable":true,"href":"https:\/\/progepe.ufpr.br\/capacitacao\/wp-json\/wp\/v2\/tags?post=6494"}],"curies":[{"name":"wp","href":"https:\/\/api.w.org\/{rel}","templated":true}]}}