{"id":6713,"date":"2024-10-30T10:36:15","date_gmt":"2024-10-30T13:36:15","guid":{"rendered":"https:\/\/www.prppg.ufpr.br\/site\/portalcapacitacao\/?p=6713"},"modified":"2025-02-26T09:23:27","modified_gmt":"2025-02-26T12:23:27","slug":"curso-de-capacitacao-como-entender-os-conflitos-com-base-na-neurociencia","status":"publish","type":"post","link":"https:\/\/progepe.ufpr.br\/capacitacao\/curso-de-capacitacao-como-entender-os-conflitos-com-base-na-neurociencia\/","title":{"rendered":"Curso de capacita\u00e7\u00e3o: Como entender os conflitos com base na neuroci\u00eancia"},"content":{"rendered":"\n<p>A PROGEPE\/CDP\/UCAQ divulga a oferta do curso de capacita\u00e7\u00e3o &#8220;Como entender os conflitos com base na neuroci\u00eancia&#8221;, que tem como objetivo desenvolver uma comunica\u00e7\u00e3o satisfat\u00f3ria na busca por solu\u00e7\u00f5es. Durante tr\u00eas encontros ser\u00e3o abordados temas relevantes sobre conflito e caminhos para media\u00e7\u00e3o.<\/p>\n\n\n\n<p>Esse evento \u00e9 destinado \u00e0 capacita\u00e7\u00e3o de servidores(as) docentes ou TAEs do quadro ativo e permanente da UFPR.<\/p>\n\n\n\n<p><span style=\"text-decoration: underline;\">Inscri\u00e7\u00f5es dispon\u00edveis de 04 a 07\/11\/2024.<\/span><\/p>\n\n\n\n<p><strong>Per\u00edodo de realiza\u00e7\u00e3o<\/strong>: 13\/11 a 04\/12\/2024<br><strong>Carga hor\u00e1ria<\/strong>: 12h<br><strong>Local:<\/strong>&nbsp;Audit\u00f3rio Progepe<br><strong>Instrutor<\/strong>: Prof. Dr. Alan Ripoll Alves<\/p>\n\n\n\n<p>Para mais informa\u00e7\u00f5es sobre a a\u00e7\u00e3o e inscri\u00e7\u00f5es,&nbsp;<a href=\"https:\/\/doity.com.br\/como-entender-os-conflitos-com-base-na-neurociencia\" target=\"_blank\" rel=\"noreferrer noopener\">clique aqui.<\/a><\/p>\n","protected":false},"excerpt":{"rendered":"<p>A PROGEPE\/CDP\/UCAQ divulga a oferta do curso de capacita\u00e7\u00e3o &#8220;Como entender os conflitos com base na neuroci\u00eancia&#8221;, que tem como objetivo desenvolver uma comunica\u00e7\u00e3o satisfat\u00f3ria na busca por solu\u00e7\u00f5es. Durante tr\u00eas encontros ser\u00e3o abordados temas relevantes sobre conflito e caminhos para media\u00e7\u00e3o. Esse evento \u00e9 destinado \u00e0 capacita\u00e7\u00e3o de servidores(as) docentes ou TAEs do quadro [&hellip;]<\/p>\n","protected":false},"author":41,"featured_media":76937,"comment_status":"closed","ping_status":"closed","sticky":false,"template":"","format":"standard","meta":{"_coblocks_attr":"","_coblocks_dimensions":"","_coblocks_responsive_height":"","_coblocks_accordion_ie_support":"","_uag_custom_page_level_css":"","iawp_total_views":8,"footnotes":""},"categories":[324],"tags":[],"class_list":["post-6713","post","type-post","status-publish","format-standard","has-post-thumbnail","hentry","category-acoes_desenvolvimento"],"uagb_featured_image_src":{"full":["https:\/\/progepe.ufpr.br\/capacitacao\/wp-content\/uploads\/2024\/10\/conflito-11.png",2000,647,false],"thumbnail":["https:\/\/progepe.ufpr.br\/capacitacao\/wp-content\/uploads\/2024\/10\/conflito-11-150x150.png",150,150,true],"medium":["https:\/\/progepe.ufpr.br\/capacitacao\/wp-content\/uploads\/2024\/10\/conflito-11-300x97.png",300,97,true],"medium_large":["https:\/\/progepe.ufpr.br\/capacitacao\/wp-content\/uploads\/2024\/10\/conflito-11-768x248.png",768,248,true],"large":["https:\/\/progepe.ufpr.br\/capacitacao\/wp-content\/uploads\/2024\/10\/conflito-11-1024x331.png",1024,331,true],"1536x1536":["https:\/\/progepe.ufpr.br\/capacitacao\/wp-content\/uploads\/2024\/10\/conflito-11-1536x497.png",1536,497,true],"2048x2048":["https:\/\/progepe.ufpr.br\/capacitacao\/wp-content\/uploads\/2024\/10\/conflito-11.png",2000,647,false]},"uagb_author_info":{"display_name":"progepe-admin","author_link":"https:\/\/progepe.ufpr.br\/capacitacao\/author\/progepe-admin\/"},"uagb_comment_info":0,"uagb_excerpt":"A PROGEPE\/CDP\/UCAQ divulga a oferta do curso de capacita\u00e7\u00e3o &#8220;Como entender os conflitos com base na neuroci\u00eancia&#8221;, que tem como objetivo desenvolver uma comunica\u00e7\u00e3o satisfat\u00f3ria na busca por solu\u00e7\u00f5es. Durante tr\u00eas encontros ser\u00e3o abordados temas relevantes sobre conflito e caminhos para media\u00e7\u00e3o. Esse evento \u00e9 destinado \u00e0 capacita\u00e7\u00e3o de servidores(as) docentes ou TAEs do quadro&hellip;","publishpress_future_action":{"enabled":false,"date":"2026-05-03 02:16:57","action":"category-remove","newStatus":"draft","terms":[328],"taxonomy":"carrossel"},"publishpress_future_workflow_manual_trigger":{"enabledWorkflows":[]},"_links":{"self":[{"href":"https:\/\/progepe.ufpr.br\/capacitacao\/wp-json\/wp\/v2\/posts\/6713","targetHints":{"allow":["GET"]}}],"collection":[{"href":"https:\/\/progepe.ufpr.br\/capacitacao\/wp-json\/wp\/v2\/posts"}],"about":[{"href":"https:\/\/progepe.ufpr.br\/capacitacao\/wp-json\/wp\/v2\/types\/post"}],"author":[{"embeddable":true,"href":"https:\/\/progepe.ufpr.br\/capacitacao\/wp-json\/wp\/v2\/users\/41"}],"replies":[{"embeddable":true,"href":"https:\/\/progepe.ufpr.br\/capacitacao\/wp-json\/wp\/v2\/comments?post=6713"}],"version-history":[{"count":3,"href":"https:\/\/progepe.ufpr.br\/capacitacao\/wp-json\/wp\/v2\/posts\/6713\/revisions"}],"predecessor-version":[{"id":77638,"href":"https:\/\/progepe.ufpr.br\/capacitacao\/wp-json\/wp\/v2\/posts\/6713\/revisions\/77638"}],"wp:featuredmedia":[{"embeddable":true,"href":"https:\/\/progepe.ufpr.br\/capacitacao\/wp-json\/wp\/v2\/media\/76937"}],"wp:attachment":[{"href":"https:\/\/progepe.ufpr.br\/capacitacao\/wp-json\/wp\/v2\/media?parent=6713"}],"wp:term":[{"taxonomy":"category","embeddable":true,"href":"https:\/\/progepe.ufpr.br\/capacitacao\/wp-json\/wp\/v2\/categories?post=6713"},{"taxonomy":"post_tag","embeddable":true,"href":"https:\/\/progepe.ufpr.br\/capacitacao\/wp-json\/wp\/v2\/tags?post=6713"}],"curies":[{"name":"wp","href":"https:\/\/api.w.org\/{rel}","templated":true}]}}