{"id":77520,"date":"2020-07-07T14:56:00","date_gmt":"2020-07-07T17:56:00","guid":{"rendered":"https:\/\/progepe.ufpr.br\/capacitacao\/?p=77520"},"modified":"2025-02-05T14:56:27","modified_gmt":"2025-02-05T17:56:27","slug":"relatorio-consolidado-de-execucao","status":"publish","type":"post","link":"https:\/\/progepe.ufpr.br\/capacitacao\/relatorio-consolidado-de-execucao\/","title":{"rendered":"Relat\u00f3rio de Execu\u00e7\u00e3o"},"content":{"rendered":"\n<p>De acordo com a Instru\u00e7\u00e3o Normativa n\u00ba 21, de 1\u00ba de fevereiro de 2021, o Relat\u00f3rio de Execu\u00e7\u00e3o do Plano de Desenvolvimento de Pessoas do ano 2019-2020 tem o prazo de 22 de abril de 2021 para elabora\u00e7\u00e3o.<\/p>\n\n\n\n<hr class=\"wp-block-separator has-alpha-channel-opacity\"\/>\n\n\n\n<h6 class=\"wp-block-heading\"><strong>Atualizado em 25\/03\/2021<\/strong><\/h6>\n","protected":false},"excerpt":{"rendered":"<p>De acordo com a Instru\u00e7\u00e3o Normativa n\u00ba 21, de 1\u00ba de fevereiro de 2021, o Relat\u00f3rio de Execu\u00e7\u00e3o do Plano de Desenvolvimento de Pessoas do ano 2019-2020 tem o prazo de 22 de abril de 2021 para elabora\u00e7\u00e3o. Atualizado em 25\/03\/2021<\/p>\n","protected":false},"author":2,"featured_media":0,"comment_status":"closed","ping_status":"","sticky":false,"template":"","format":"standard","meta":{"_coblocks_attr":"","_coblocks_dimensions":"","_coblocks_responsive_height":"","_coblocks_accordion_ie_support":"","_uag_custom_page_level_css":"","iawp_total_views":1,"footnotes":""},"categories":[322],"tags":[],"class_list":["post-77520","post","type-post","status-publish","format-standard","hentry","category-noticias"],"uagb_featured_image_src":{"full":false,"thumbnail":false,"medium":false,"medium_large":false,"large":false,"1536x1536":false,"2048x2048":false},"uagb_author_info":{"display_name":"Silvia Regina de Oliveira","author_link":"https:\/\/progepe.ufpr.br\/capacitacao\/author\/silvia\/"},"uagb_comment_info":0,"uagb_excerpt":"De acordo com a Instru\u00e7\u00e3o Normativa n\u00ba 21, de 1\u00ba de fevereiro de 2021, o Relat\u00f3rio de Execu\u00e7\u00e3o do Plano de Desenvolvimento de Pessoas do ano 2019-2020 tem o prazo de 22 de abril de 2021 para elabora\u00e7\u00e3o. Atualizado em 25\/03\/2021","publishpress_future_action":{"enabled":false,"date":"2026-05-06 06:20:18","action":"category-remove","newStatus":"draft","terms":[328],"taxonomy":"carrossel"},"publishpress_future_workflow_manual_trigger":{"enabledWorkflows":[]},"_links":{"self":[{"href":"https:\/\/progepe.ufpr.br\/capacitacao\/wp-json\/wp\/v2\/posts\/77520","targetHints":{"allow":["GET"]}}],"collection":[{"href":"https:\/\/progepe.ufpr.br\/capacitacao\/wp-json\/wp\/v2\/posts"}],"about":[{"href":"https:\/\/progepe.ufpr.br\/capacitacao\/wp-json\/wp\/v2\/types\/post"}],"author":[{"embeddable":true,"href":"https:\/\/progepe.ufpr.br\/capacitacao\/wp-json\/wp\/v2\/users\/2"}],"replies":[{"embeddable":true,"href":"https:\/\/progepe.ufpr.br\/capacitacao\/wp-json\/wp\/v2\/comments?post=77520"}],"version-history":[{"count":1,"href":"https:\/\/progepe.ufpr.br\/capacitacao\/wp-json\/wp\/v2\/posts\/77520\/revisions"}],"predecessor-version":[{"id":77522,"href":"https:\/\/progepe.ufpr.br\/capacitacao\/wp-json\/wp\/v2\/posts\/77520\/revisions\/77522"}],"wp:attachment":[{"href":"https:\/\/progepe.ufpr.br\/capacitacao\/wp-json\/wp\/v2\/media?parent=77520"}],"wp:term":[{"taxonomy":"category","embeddable":true,"href":"https:\/\/progepe.ufpr.br\/capacitacao\/wp-json\/wp\/v2\/categories?post=77520"},{"taxonomy":"post_tag","embeddable":true,"href":"https:\/\/progepe.ufpr.br\/capacitacao\/wp-json\/wp\/v2\/tags?post=77520"}],"curies":[{"name":"wp","href":"https:\/\/api.w.org\/{rel}","templated":true}]}}