{"id":78011,"date":"2025-04-07T12:08:57","date_gmt":"2025-04-07T15:08:57","guid":{"rendered":"https:\/\/progepe.ufpr.br\/capacitacao\/?p=78011"},"modified":"2025-05-15T14:27:13","modified_gmt":"2025-05-15T17:27:13","slug":"curso-2025-gestao-ambiental-gerenciamento-residuos","status":"publish","type":"post","link":"https:\/\/progepe.ufpr.br\/capacitacao\/curso-2025-gestao-ambiental-gerenciamento-residuos\/","title":{"rendered":"Curso de capacita\u00e7\u00e3o: Da gest\u00e3o ambiental ao gerenciamento de res\u00edduos"},"content":{"rendered":"\n<p>A PROGEPE\/CDP\/UCAQ divulga a oferta do curso&nbsp;de&nbsp;capacita\u00e7\u00e3o &#8220;<strong>Da gest\u00e3o ambiental ao gerenciamento de res\u00edduos<\/strong>&#8220;, que objetiva proporcionar no\u00e7\u00f5es aos servidores sobre legisla\u00e7\u00e3o ambiental e de gest\u00e3o ambiental e seu sistema (s\u00e9rie ISO 14.000), da respectiva auditoria ambiental, e do gerenciamento de res\u00edduos s\u00f3lidos: transporte, acondicionamento e disposi\u00e7\u00e3o final. O curso consiste em <strong>16 aulas online e s\u00edncronas<\/strong>, de car\u00e1ter te\u00f3rico-pr\u00e1tico que busca conscientizar as servidoras\/os servidores a melhorar a gest\u00e3o dos res\u00edduos, evitando danos ao meio ambiente a \u00e0 sa\u00fade p\u00fablica.<\/p>\n\n\n\n<div style=\"height:1em\" aria-hidden=\"true\" class=\"wp-block-spacer\"><\/div>\n\n\n\n<ul class=\"wp-block-list\">\n<li><strong>Per\u00edodo de inscri\u00e7\u00f5es<\/strong>: 10 a 16\/04\/2025<\/li>\n\n\n\n<li><strong>Per\u00edodo de realiza\u00e7\u00e3o<\/strong>: 29\/04&nbsp;a 26\/06\/2025<\/li>\n\n\n\n<li><strong>Dia&nbsp;e hor\u00e1rios<\/strong>: ter\u00e7as e quintas-feiras, 8h \u00e0s 10h (aulas online e s\u00edncronas)<\/li>\n\n\n\n<li><strong>Local<\/strong>: Microsoft Teams<\/li>\n\n\n\n<li><strong>Carga hor\u00e1ria<\/strong>: 32 horas<\/li>\n\n\n\n<li><strong>Ministrante<\/strong>: <a href=\"http:\/\/lattes.cnpq.br\/9108723599240230\" data-type=\"link\" data-id=\"http:\/\/lattes.cnpq.br\/9108723599240230\" target=\"_blank\" rel=\"noreferrer noopener\">Prof. Dr. C\u00e9sar Aparecido da Silva<\/a><\/li>\n<\/ul>\n\n\n\n<div style=\"height:3em\" aria-hidden=\"true\" class=\"wp-block-spacer\"><\/div>\n\n\n\n<div class=\"wp-block-buttons is-content-justification-center is-layout-flex wp-container-core-buttons-is-layout-1 wp-block-buttons-is-layout-flex\">\n<div class=\"wp-block-button\"><a class=\"wp-block-button__link has-text-align-center wp-element-button\" href=\"https:\/\/doity.com.br\/da-gestao-ambiental-ao-gerenciamento-de-residuos\" target=\"_blank\" rel=\"noreferrer noopener\">Para outras informa\u00e7\u00f5es sobre a a\u00e7\u00e3o e inscri\u00e7\u00f5es, clique aqui!<\/a><\/div>\n<\/div>\n","protected":false},"excerpt":{"rendered":"<p>A PROGEPE\/CDP\/UCAQ divulga a oferta do curso&nbsp;de&nbsp;capacita\u00e7\u00e3o &#8220;Da gest\u00e3o ambiental ao gerenciamento de res\u00edduos&#8220;, que objetiva proporcionar no\u00e7\u00f5es aos servidores sobre legisla\u00e7\u00e3o ambiental e de gest\u00e3o ambiental e seu sistema (s\u00e9rie ISO 14.000), da respectiva auditoria ambiental, e do gerenciamento de res\u00edduos s\u00f3lidos: transporte, acondicionamento e disposi\u00e7\u00e3o final. O curso consiste em 16 aulas online [&hellip;]<\/p>\n","protected":false},"author":39,"featured_media":78012,"comment_status":"closed","ping_status":"closed","sticky":false,"template":"","format":"standard","meta":{"_coblocks_attr":"","_coblocks_dimensions":"","_coblocks_responsive_height":"","_coblocks_accordion_ie_support":"","_uag_custom_page_level_css":"","iawp_total_views":58,"footnotes":""},"categories":[324],"tags":[],"class_list":["post-78011","post","type-post","status-publish","format-standard","has-post-thumbnail","hentry","category-acoes_desenvolvimento"],"uagb_featured_image_src":{"full":["https:\/\/progepe.ufpr.br\/capacitacao\/wp-content\/uploads\/2025\/04\/curso-2025-gestao-ambiental-gerenciamento-residuos-banner.png",1000,280,false],"thumbnail":["https:\/\/progepe.ufpr.br\/capacitacao\/wp-content\/uploads\/2025\/04\/curso-2025-gestao-ambiental-gerenciamento-residuos-banner-150x150.png",150,150,true],"medium":["https:\/\/progepe.ufpr.br\/capacitacao\/wp-content\/uploads\/2025\/04\/curso-2025-gestao-ambiental-gerenciamento-residuos-banner-300x84.png",300,84,true],"medium_large":["https:\/\/progepe.ufpr.br\/capacitacao\/wp-content\/uploads\/2025\/04\/curso-2025-gestao-ambiental-gerenciamento-residuos-banner-768x215.png",768,215,true],"large":["https:\/\/progepe.ufpr.br\/capacitacao\/wp-content\/uploads\/2025\/04\/curso-2025-gestao-ambiental-gerenciamento-residuos-banner.png",1000,280,false],"1536x1536":["https:\/\/progepe.ufpr.br\/capacitacao\/wp-content\/uploads\/2025\/04\/curso-2025-gestao-ambiental-gerenciamento-residuos-banner.png",1000,280,false],"2048x2048":["https:\/\/progepe.ufpr.br\/capacitacao\/wp-content\/uploads\/2025\/04\/curso-2025-gestao-ambiental-gerenciamento-residuos-banner.png",1000,280,false]},"uagb_author_info":{"display_name":"Bruno Tokarski","author_link":"https:\/\/progepe.ufpr.br\/capacitacao\/author\/brtok\/"},"uagb_comment_info":0,"uagb_excerpt":"A PROGEPE\/CDP\/UCAQ divulga a oferta do curso&nbsp;de&nbsp;capacita\u00e7\u00e3o &#8220;Da gest\u00e3o ambiental ao gerenciamento de res\u00edduos&#8220;, que objetiva proporcionar no\u00e7\u00f5es aos servidores sobre legisla\u00e7\u00e3o ambiental e de gest\u00e3o ambiental e seu sistema (s\u00e9rie ISO 14.000), da respectiva auditoria ambiental, e do gerenciamento de res\u00edduos s\u00f3lidos: transporte, acondicionamento e disposi\u00e7\u00e3o final. O curso consiste em 16 aulas online&hellip;","publishpress_future_action":{"enabled":false,"date":"2026-05-02 04:00:27","action":"category-remove","newStatus":"draft","terms":[328],"taxonomy":"carrossel"},"publishpress_future_workflow_manual_trigger":{"enabledWorkflows":[]},"_links":{"self":[{"href":"https:\/\/progepe.ufpr.br\/capacitacao\/wp-json\/wp\/v2\/posts\/78011","targetHints":{"allow":["GET"]}}],"collection":[{"href":"https:\/\/progepe.ufpr.br\/capacitacao\/wp-json\/wp\/v2\/posts"}],"about":[{"href":"https:\/\/progepe.ufpr.br\/capacitacao\/wp-json\/wp\/v2\/types\/post"}],"author":[{"embeddable":true,"href":"https:\/\/progepe.ufpr.br\/capacitacao\/wp-json\/wp\/v2\/users\/39"}],"replies":[{"embeddable":true,"href":"https:\/\/progepe.ufpr.br\/capacitacao\/wp-json\/wp\/v2\/comments?post=78011"}],"version-history":[{"count":2,"href":"https:\/\/progepe.ufpr.br\/capacitacao\/wp-json\/wp\/v2\/posts\/78011\/revisions"}],"predecessor-version":[{"id":78014,"href":"https:\/\/progepe.ufpr.br\/capacitacao\/wp-json\/wp\/v2\/posts\/78011\/revisions\/78014"}],"wp:featuredmedia":[{"embeddable":true,"href":"https:\/\/progepe.ufpr.br\/capacitacao\/wp-json\/wp\/v2\/media\/78012"}],"wp:attachment":[{"href":"https:\/\/progepe.ufpr.br\/capacitacao\/wp-json\/wp\/v2\/media?parent=78011"}],"wp:term":[{"taxonomy":"category","embeddable":true,"href":"https:\/\/progepe.ufpr.br\/capacitacao\/wp-json\/wp\/v2\/categories?post=78011"},{"taxonomy":"post_tag","embeddable":true,"href":"https:\/\/progepe.ufpr.br\/capacitacao\/wp-json\/wp\/v2\/tags?post=78011"}],"curies":[{"name":"wp","href":"https:\/\/api.w.org\/{rel}","templated":true}]}}