{"id":78128,"date":"2025-05-13T14:57:35","date_gmt":"2025-05-13T17:57:35","guid":{"rendered":"https:\/\/progepe.ufpr.br\/capacitacao\/?p=78128"},"modified":"2025-05-28T09:41:33","modified_gmt":"2025-05-28T12:41:33","slug":"curso-de-capacitacao-nocoes-basicas-de-ferramentas-audiovisuais-e-recursos-graficos-com-o-canva","status":"publish","type":"post","link":"https:\/\/progepe.ufpr.br\/capacitacao\/curso-de-capacitacao-nocoes-basicas-de-ferramentas-audiovisuais-e-recursos-graficos-com-o-canva\/","title":{"rendered":"Curso de capacita\u00e7\u00e3o: No\u00e7\u00f5es b\u00e1sicas de ferramentas audiovisuais e recursos gr\u00e1ficos com o Canva"},"content":{"rendered":"\n<p>A PROGEPE\/CDP\/UCAQ divulga a oferta do curso\u00a0de\u00a0capacita\u00e7\u00e3o &#8220;<strong>No\u00e7\u00f5es b\u00e1sicas de ferramentas audiovisuais e recursos gr\u00e1ficos com o Canva<\/strong>&#8220;, que objetiva capacitar as servidoras\/os servidores na utiliza\u00e7\u00e3o de ferramentas para grava\u00e7\u00e3o, edi\u00e7\u00e3o e veicula\u00e7\u00e3o de v\u00eddeos e usos do Canva para produtos gr\u00e1ficos para fins institucionais e educacionais.\u00a0O curso consistir\u00e1 em\u00a0<strong>dez aulas online e s\u00edncronas<\/strong>, de car\u00e1ter te\u00f3rico-pr\u00e1tico.<\/p>\n\n\n\n<p>O curso \u00e9 direcionado \u00e0s servidoras ativas\/aos servidores ativos da UFPR.<\/p>\n\n\n\n<p><strong>Per\u00edodo de inscri\u00e7\u00f5es<\/strong>: 14 a 21\/05\/2025<\/p>\n\n\n\n<p><strong>Per\u00edodo de realiza\u00e7\u00e3o<\/strong>: 27\/05 a 01\/07\/2025<\/p>\n\n\n\n<p><strong>Dia&nbsp;e hor\u00e1rios<\/strong>: ter\u00e7as e quintas-feiras, 15:30h \u00e0s 17:30h (aulas online e s\u00edncronas)<\/p>\n\n\n\n<p><strong>Local<\/strong>: Microsoft Teams&nbsp;<\/p>\n\n\n\n<p><strong>Pr\u00e9-requisitos<\/strong>:&nbsp;<\/p>\n\n\n\n<ul class=\"wp-block-list\">\n<li>Acesso a computador com conex\u00e3o \u00e0 Internet<\/li>\n\n\n\n<li>Canva: vers\u00e3o gratuita online<\/li>\n\n\n\n<li>Capcut: vers\u00e3o para desktop gratuita<\/li>\n<\/ul>\n\n\n\n<p><strong>Carga hor\u00e1ria<\/strong>: 20 horas<\/p>\n\n\n\n<p><strong>Ministrantes<\/strong>: Ana Carolina de Ara\u00fajo e Fl\u00e1via L\u00facia Bazan<\/p>\n\n\n\n<p>Para outras informa\u00e7\u00f5es sobre a a\u00e7\u00e3o e inscri\u00e7\u00f5es,&nbsp;<a rel=\"noreferrer noopener\" target=\"_blank\" href=\"http:\/\/doity.com.br\/nocoes-basicas-de-ferramentas-audiovisuais-e-recursos-graficos-com-o-canva\">clique aqui<\/a>.<\/p>\n","protected":false},"excerpt":{"rendered":"<p>A PROGEPE\/CDP\/UCAQ divulga a oferta do curso\u00a0de\u00a0capacita\u00e7\u00e3o &#8220;No\u00e7\u00f5es b\u00e1sicas de ferramentas audiovisuais e recursos gr\u00e1ficos com o Canva&#8220;, que objetiva capacitar as servidoras\/os servidores na utiliza\u00e7\u00e3o de ferramentas para grava\u00e7\u00e3o, edi\u00e7\u00e3o e veicula\u00e7\u00e3o de v\u00eddeos e usos do Canva para produtos gr\u00e1ficos para fins institucionais e educacionais.\u00a0O curso consistir\u00e1 em\u00a0dez aulas online e s\u00edncronas, de [&hellip;]<\/p>\n","protected":false},"author":57,"featured_media":78129,"comment_status":"closed","ping_status":"closed","sticky":false,"template":"","format":"standard","meta":{"_coblocks_attr":"","_coblocks_dimensions":"","_coblocks_responsive_height":"","_coblocks_accordion_ie_support":"","_uag_custom_page_level_css":"","iawp_total_views":42,"footnotes":""},"categories":[324],"tags":[],"class_list":["post-78128","post","type-post","status-publish","format-standard","has-post-thumbnail","hentry","category-acoes_desenvolvimento"],"uagb_featured_image_src":{"full":["https:\/\/progepe.ufpr.br\/capacitacao\/wp-content\/uploads\/2025\/05\/Ferramenta-Audiovisual-e-Canva.png",1000,280,false],"thumbnail":["https:\/\/progepe.ufpr.br\/capacitacao\/wp-content\/uploads\/2025\/05\/Ferramenta-Audiovisual-e-Canva-150x150.png",150,150,true],"medium":["https:\/\/progepe.ufpr.br\/capacitacao\/wp-content\/uploads\/2025\/05\/Ferramenta-Audiovisual-e-Canva-300x84.png",300,84,true],"medium_large":["https:\/\/progepe.ufpr.br\/capacitacao\/wp-content\/uploads\/2025\/05\/Ferramenta-Audiovisual-e-Canva-768x215.png",768,215,true],"large":["https:\/\/progepe.ufpr.br\/capacitacao\/wp-content\/uploads\/2025\/05\/Ferramenta-Audiovisual-e-Canva.png",1000,280,false],"1536x1536":["https:\/\/progepe.ufpr.br\/capacitacao\/wp-content\/uploads\/2025\/05\/Ferramenta-Audiovisual-e-Canva.png",1000,280,false],"2048x2048":["https:\/\/progepe.ufpr.br\/capacitacao\/wp-content\/uploads\/2025\/05\/Ferramenta-Audiovisual-e-Canva.png",1000,280,false]},"uagb_author_info":{"display_name":"Karine Lopes","author_link":"https:\/\/progepe.ufpr.br\/capacitacao\/author\/karinelopes\/"},"uagb_comment_info":0,"uagb_excerpt":"A PROGEPE\/CDP\/UCAQ divulga a oferta do curso\u00a0de\u00a0capacita\u00e7\u00e3o &#8220;No\u00e7\u00f5es b\u00e1sicas de ferramentas audiovisuais e recursos gr\u00e1ficos com o Canva&#8220;, que objetiva capacitar as servidoras\/os servidores na utiliza\u00e7\u00e3o de ferramentas para grava\u00e7\u00e3o, edi\u00e7\u00e3o e veicula\u00e7\u00e3o de v\u00eddeos e usos do Canva para produtos gr\u00e1ficos para fins institucionais e educacionais.\u00a0O curso consistir\u00e1 em\u00a0dez aulas online e s\u00edncronas, de&hellip;","publishpress_future_action":{"enabled":false,"date":"2026-05-02 02:31:52","action":"category-remove","newStatus":"draft","terms":[328],"taxonomy":"carrossel"},"publishpress_future_workflow_manual_trigger":{"enabledWorkflows":[]},"_links":{"self":[{"href":"https:\/\/progepe.ufpr.br\/capacitacao\/wp-json\/wp\/v2\/posts\/78128","targetHints":{"allow":["GET"]}}],"collection":[{"href":"https:\/\/progepe.ufpr.br\/capacitacao\/wp-json\/wp\/v2\/posts"}],"about":[{"href":"https:\/\/progepe.ufpr.br\/capacitacao\/wp-json\/wp\/v2\/types\/post"}],"author":[{"embeddable":true,"href":"https:\/\/progepe.ufpr.br\/capacitacao\/wp-json\/wp\/v2\/users\/57"}],"replies":[{"embeddable":true,"href":"https:\/\/progepe.ufpr.br\/capacitacao\/wp-json\/wp\/v2\/comments?post=78128"}],"version-history":[{"count":1,"href":"https:\/\/progepe.ufpr.br\/capacitacao\/wp-json\/wp\/v2\/posts\/78128\/revisions"}],"predecessor-version":[{"id":78130,"href":"https:\/\/progepe.ufpr.br\/capacitacao\/wp-json\/wp\/v2\/posts\/78128\/revisions\/78130"}],"wp:featuredmedia":[{"embeddable":true,"href":"https:\/\/progepe.ufpr.br\/capacitacao\/wp-json\/wp\/v2\/media\/78129"}],"wp:attachment":[{"href":"https:\/\/progepe.ufpr.br\/capacitacao\/wp-json\/wp\/v2\/media?parent=78128"}],"wp:term":[{"taxonomy":"category","embeddable":true,"href":"https:\/\/progepe.ufpr.br\/capacitacao\/wp-json\/wp\/v2\/categories?post=78128"},{"taxonomy":"post_tag","embeddable":true,"href":"https:\/\/progepe.ufpr.br\/capacitacao\/wp-json\/wp\/v2\/tags?post=78128"}],"curies":[{"name":"wp","href":"https:\/\/api.w.org\/{rel}","templated":true}]}}