{"id":78144,"date":"2025-05-15T14:50:42","date_gmt":"2025-05-15T17:50:42","guid":{"rendered":"https:\/\/progepe.ufpr.br\/capacitacao\/?p=78144"},"modified":"2025-05-28T09:43:06","modified_gmt":"2025-05-28T12:43:06","slug":"curso-de-capacitacao-cerimonial-protocolo-e-eventos","status":"publish","type":"post","link":"https:\/\/progepe.ufpr.br\/capacitacao\/curso-de-capacitacao-cerimonial-protocolo-e-eventos\/","title":{"rendered":"Curso de capacita\u00e7\u00e3o: Cerimonial, Protocolo e Eventos"},"content":{"rendered":"\n<p>A PROGEPE\/CDP\/UCAQ divulga a oferta do curso de capacita\u00e7\u00e3o &#8220;<strong>Cerimonial, Protocolo e Eventos<\/strong>&#8220;, que objetiva capacitar os servidores a planejar, executar e avaliar um evento, com \u00eanfase na gest\u00e3o de eventos universit\u00e1rios.<\/p>\n\n\n\n<p>Durante&nbsp;<strong>dez aulas online e s\u00edncronas<\/strong>, de car\u00e1ter te\u00f3rico-pr\u00e1tico, os servidores conhecer\u00e3o t\u00e9cnicas de planejamento e organiza\u00e7\u00e3o de evento, al\u00e9m de conhecer os diversos tipos de evento, suas estruturas e aplicabilidade.<\/p>\n\n\n\n<p>O curso \u00e9 direcionado aos servidores do quadro permanente e ativo da UFPR.<\/p>\n\n\n\n<p><strong>Per\u00edodo de inscri\u00e7\u00f5es<\/strong>: 16 a 23\/05\/2025<\/p>\n\n\n\n<p><strong>Per\u00edodo de realiza\u00e7\u00e3o<\/strong>: 29\/05 a 03\/07\/2025<\/p>\n\n\n\n<p><strong>Dia e hor\u00e1rios<\/strong>: ter\u00e7as e quintas-feiras, 14:00h \u00e0s 16:00h (aulas online e s\u00edncronas)<\/p>\n\n\n\n<p><strong>Local<\/strong>: Microsoft Teams<\/p>\n\n\n\n<p><strong>Pr\u00e9-requisitos<\/strong>: n\u00e3o h\u00e1<\/p>\n\n\n\n<p><strong>Carga hor\u00e1ria<\/strong>: 20 horas<\/p>\n\n\n\n<p><strong>Ministrante<\/strong>: <a href=\"http:\/\/lattes.cnpq.br\/3076728187265824\">Let\u00edcia Salem Herrmann Lima<\/a><\/p>\n","protected":false},"excerpt":{"rendered":"<p>A PROGEPE\/CDP\/UCAQ divulga a oferta do curso de capacita\u00e7\u00e3o &#8220;Cerimonial, Protocolo e Eventos&#8220;, que objetiva capacitar os servidores a planejar, executar e avaliar um evento, com \u00eanfase na gest\u00e3o de eventos universit\u00e1rios. Durante&nbsp;dez aulas online e s\u00edncronas, de car\u00e1ter te\u00f3rico-pr\u00e1tico, os servidores conhecer\u00e3o t\u00e9cnicas de planejamento e organiza\u00e7\u00e3o de evento, al\u00e9m de conhecer os diversos [&hellip;]<\/p>\n","protected":false},"author":57,"featured_media":78145,"comment_status":"closed","ping_status":"closed","sticky":false,"template":"","format":"standard","meta":{"_coblocks_attr":"","_coblocks_dimensions":"","_coblocks_responsive_height":"","_coblocks_accordion_ie_support":"","_uag_custom_page_level_css":"","iawp_total_views":28,"footnotes":""},"categories":[324],"tags":[],"class_list":["post-78144","post","type-post","status-publish","format-standard","has-post-thumbnail","hentry","category-acoes_desenvolvimento"],"uagb_featured_image_src":{"full":["https:\/\/progepe.ufpr.br\/capacitacao\/wp-content\/uploads\/2025\/05\/Cerimonial.png",1000,280,false],"thumbnail":["https:\/\/progepe.ufpr.br\/capacitacao\/wp-content\/uploads\/2025\/05\/Cerimonial-150x150.png",150,150,true],"medium":["https:\/\/progepe.ufpr.br\/capacitacao\/wp-content\/uploads\/2025\/05\/Cerimonial-300x84.png",300,84,true],"medium_large":["https:\/\/progepe.ufpr.br\/capacitacao\/wp-content\/uploads\/2025\/05\/Cerimonial-768x215.png",768,215,true],"large":["https:\/\/progepe.ufpr.br\/capacitacao\/wp-content\/uploads\/2025\/05\/Cerimonial.png",1000,280,false],"1536x1536":["https:\/\/progepe.ufpr.br\/capacitacao\/wp-content\/uploads\/2025\/05\/Cerimonial.png",1000,280,false],"2048x2048":["https:\/\/progepe.ufpr.br\/capacitacao\/wp-content\/uploads\/2025\/05\/Cerimonial.png",1000,280,false]},"uagb_author_info":{"display_name":"Karine Lopes","author_link":"https:\/\/progepe.ufpr.br\/capacitacao\/author\/karinelopes\/"},"uagb_comment_info":0,"uagb_excerpt":"A PROGEPE\/CDP\/UCAQ divulga a oferta do curso de capacita\u00e7\u00e3o &#8220;Cerimonial, Protocolo e Eventos&#8220;, que objetiva capacitar os servidores a planejar, executar e avaliar um evento, com \u00eanfase na gest\u00e3o de eventos universit\u00e1rios. Durante&nbsp;dez aulas online e s\u00edncronas, de car\u00e1ter te\u00f3rico-pr\u00e1tico, os servidores conhecer\u00e3o t\u00e9cnicas de planejamento e organiza\u00e7\u00e3o de evento, al\u00e9m de conhecer os diversos&hellip;","publishpress_future_action":{"enabled":false,"date":"2026-05-02 04:25:30","action":"category-remove","newStatus":"draft","terms":[328],"taxonomy":"carrossel"},"publishpress_future_workflow_manual_trigger":{"enabledWorkflows":[]},"_links":{"self":[{"href":"https:\/\/progepe.ufpr.br\/capacitacao\/wp-json\/wp\/v2\/posts\/78144","targetHints":{"allow":["GET"]}}],"collection":[{"href":"https:\/\/progepe.ufpr.br\/capacitacao\/wp-json\/wp\/v2\/posts"}],"about":[{"href":"https:\/\/progepe.ufpr.br\/capacitacao\/wp-json\/wp\/v2\/types\/post"}],"author":[{"embeddable":true,"href":"https:\/\/progepe.ufpr.br\/capacitacao\/wp-json\/wp\/v2\/users\/57"}],"replies":[{"embeddable":true,"href":"https:\/\/progepe.ufpr.br\/capacitacao\/wp-json\/wp\/v2\/comments?post=78144"}],"version-history":[{"count":1,"href":"https:\/\/progepe.ufpr.br\/capacitacao\/wp-json\/wp\/v2\/posts\/78144\/revisions"}],"predecessor-version":[{"id":78146,"href":"https:\/\/progepe.ufpr.br\/capacitacao\/wp-json\/wp\/v2\/posts\/78144\/revisions\/78146"}],"wp:featuredmedia":[{"embeddable":true,"href":"https:\/\/progepe.ufpr.br\/capacitacao\/wp-json\/wp\/v2\/media\/78145"}],"wp:attachment":[{"href":"https:\/\/progepe.ufpr.br\/capacitacao\/wp-json\/wp\/v2\/media?parent=78144"}],"wp:term":[{"taxonomy":"category","embeddable":true,"href":"https:\/\/progepe.ufpr.br\/capacitacao\/wp-json\/wp\/v2\/categories?post=78144"},{"taxonomy":"post_tag","embeddable":true,"href":"https:\/\/progepe.ufpr.br\/capacitacao\/wp-json\/wp\/v2\/tags?post=78144"}],"curies":[{"name":"wp","href":"https:\/\/api.w.org\/{rel}","templated":true}]}}