{"id":78299,"date":"2025-06-17T11:25:38","date_gmt":"2025-06-17T14:25:38","guid":{"rendered":"https:\/\/progepe.ufpr.br\/capacitacao\/?p=78299"},"modified":"2025-07-24T15:10:58","modified_gmt":"2025-07-24T18:10:58","slug":"divulgado-o-resultado-do-sorteio-de-isencao-para-o-curso-de-idiomas-edital-no-6-2025","status":"publish","type":"post","link":"https:\/\/progepe.ufpr.br\/capacitacao\/divulgado-o-resultado-do-sorteio-de-isencao-para-o-curso-de-idiomas-edital-no-6-2025\/","title":{"rendered":"Divulgado o resultado do sorteio de isen\u00e7\u00e3o para o curso de idiomas &#8211; Edital N\u00ba 6\/2025"},"content":{"rendered":"\n<p>A Pr\u00f3-Reitoria de Gest\u00e3o de Pessoas (PROGEPE), por meio da Coordenadoria de Desenvolvimento de Pessoal (CDP) e da Unidade de Capacita\u00e7\u00e3o e Qualifica\u00e7\u00e3o (UCAQ), divulga o resultado do sorteio referente ao Edital N\u00ba 6\/2025, que trata da concess\u00e3o de isen\u00e7\u00e3o para servidores(as) em cursos de idiomas.<\/p>\n\n\n\n<p>A lista dos(as) contemplados(as) est\u00e1 organizada por idioma e segue a ordem definida no sorteio. Al\u00e9m disso, foi criada uma lista de espera, tamb\u00e9m ordenada conforme o resultado do sorteio. Caso surjam novas vagas, os(as) servidores(as) da lista de espera ser\u00e3o comunicados(as) oportunamente.<\/p>\n\n\n\n<p>As orienta\u00e7\u00f5es para matr\u00edcula e demais procedimentos ser\u00e3o encaminhadas ao e-mail institucional informado no ato da inscri\u00e7\u00e3o, a partir de 23 de junho.<\/p>\n\n\n\n<p>Para consultar as listas, <a href=\"https:\/\/progepe.ufpr.br\/capacitacao\/programa-de-linguas-estrangeiras-modernas-2025-2\/\">clique aqui<\/a>.<\/p>\n\n\n\n<p>Em caso de d\u00favidas, a UCAQ est\u00e1 \u00e0 disposi\u00e7\u00e3o para esclarecimentos.<\/p>\n\n\n\n<p><\/p>\n","protected":false},"excerpt":{"rendered":"<p>A Pr\u00f3-Reitoria de Gest\u00e3o de Pessoas (PROGEPE), por meio da Coordenadoria de Desenvolvimento de Pessoal (CDP) e da Unidade de Capacita\u00e7\u00e3o e Qualifica\u00e7\u00e3o (UCAQ), divulga o resultado do sorteio referente ao Edital N\u00ba 6\/2025, que trata da concess\u00e3o de isen\u00e7\u00e3o para servidores(as) em cursos de idiomas. A lista dos(as) contemplados(as) est\u00e1 organizada por idioma e [&hellip;]<\/p>\n","protected":false},"author":2,"featured_media":78298,"comment_status":"closed","ping_status":"closed","sticky":false,"template":"","format":"standard","meta":{"_coblocks_attr":"","_coblocks_dimensions":"","_coblocks_responsive_height":"","_coblocks_accordion_ie_support":"","_uag_custom_page_level_css":"","iawp_total_views":70,"footnotes":""},"categories":[322],"tags":[],"class_list":["post-78299","post","type-post","status-publish","format-standard","has-post-thumbnail","hentry","category-noticias"],"uagb_featured_image_src":{"full":["https:\/\/progepe.ufpr.br\/capacitacao\/wp-content\/uploads\/2025\/06\/Banners2025.png",1000,280,false],"thumbnail":["https:\/\/progepe.ufpr.br\/capacitacao\/wp-content\/uploads\/2025\/06\/Banners2025-150x150.png",150,150,true],"medium":["https:\/\/progepe.ufpr.br\/capacitacao\/wp-content\/uploads\/2025\/06\/Banners2025-300x84.png",300,84,true],"medium_large":["https:\/\/progepe.ufpr.br\/capacitacao\/wp-content\/uploads\/2025\/06\/Banners2025-768x215.png",768,215,true],"large":["https:\/\/progepe.ufpr.br\/capacitacao\/wp-content\/uploads\/2025\/06\/Banners2025.png",1000,280,false],"1536x1536":["https:\/\/progepe.ufpr.br\/capacitacao\/wp-content\/uploads\/2025\/06\/Banners2025.png",1000,280,false],"2048x2048":["https:\/\/progepe.ufpr.br\/capacitacao\/wp-content\/uploads\/2025\/06\/Banners2025.png",1000,280,false]},"uagb_author_info":{"display_name":"Silvia Regina de Oliveira","author_link":"https:\/\/progepe.ufpr.br\/capacitacao\/author\/silvia\/"},"uagb_comment_info":0,"uagb_excerpt":"A Pr\u00f3-Reitoria de Gest\u00e3o de Pessoas (PROGEPE), por meio da Coordenadoria de Desenvolvimento de Pessoal (CDP) e da Unidade de Capacita\u00e7\u00e3o e Qualifica\u00e7\u00e3o (UCAQ), divulga o resultado do sorteio referente ao Edital N\u00ba 6\/2025, que trata da concess\u00e3o de isen\u00e7\u00e3o para servidores(as) em cursos de idiomas. A lista dos(as) contemplados(as) est\u00e1 organizada por idioma e&hellip;","publishpress_future_action":{"enabled":false,"date":"2026-05-08 19:10:05","action":"category-remove","newStatus":"draft","terms":[328],"taxonomy":"carrossel"},"publishpress_future_workflow_manual_trigger":{"enabledWorkflows":[]},"_links":{"self":[{"href":"https:\/\/progepe.ufpr.br\/capacitacao\/wp-json\/wp\/v2\/posts\/78299","targetHints":{"allow":["GET"]}}],"collection":[{"href":"https:\/\/progepe.ufpr.br\/capacitacao\/wp-json\/wp\/v2\/posts"}],"about":[{"href":"https:\/\/progepe.ufpr.br\/capacitacao\/wp-json\/wp\/v2\/types\/post"}],"author":[{"embeddable":true,"href":"https:\/\/progepe.ufpr.br\/capacitacao\/wp-json\/wp\/v2\/users\/2"}],"replies":[{"embeddable":true,"href":"https:\/\/progepe.ufpr.br\/capacitacao\/wp-json\/wp\/v2\/comments?post=78299"}],"version-history":[{"count":3,"href":"https:\/\/progepe.ufpr.br\/capacitacao\/wp-json\/wp\/v2\/posts\/78299\/revisions"}],"predecessor-version":[{"id":78325,"href":"https:\/\/progepe.ufpr.br\/capacitacao\/wp-json\/wp\/v2\/posts\/78299\/revisions\/78325"}],"wp:featuredmedia":[{"embeddable":true,"href":"https:\/\/progepe.ufpr.br\/capacitacao\/wp-json\/wp\/v2\/media\/78298"}],"wp:attachment":[{"href":"https:\/\/progepe.ufpr.br\/capacitacao\/wp-json\/wp\/v2\/media?parent=78299"}],"wp:term":[{"taxonomy":"category","embeddable":true,"href":"https:\/\/progepe.ufpr.br\/capacitacao\/wp-json\/wp\/v2\/categories?post=78299"},{"taxonomy":"post_tag","embeddable":true,"href":"https:\/\/progepe.ufpr.br\/capacitacao\/wp-json\/wp\/v2\/tags?post=78299"}],"curies":[{"name":"wp","href":"https:\/\/api.w.org\/{rel}","templated":true}]}}