{"id":78322,"date":"2025-07-24T15:04:06","date_gmt":"2025-07-24T18:04:06","guid":{"rendered":"https:\/\/progepe.ufpr.br\/capacitacao\/?p=78322"},"modified":"2025-09-12T12:28:34","modified_gmt":"2025-09-12T15:28:34","slug":"cursos-de-capacitacao","status":"publish","type":"post","link":"https:\/\/progepe.ufpr.br\/capacitacao\/cursos-de-capacitacao\/","title":{"rendered":"Cursos de capacita\u00e7\u00e3o previstos para agosto e setembro\/2025"},"content":{"rendered":"\n<p>A PROGEPE\/CDP\/UCAQ divulga cursos de capacita\u00e7\u00e3o com in\u00edcio previsto em agosto e setembro de 2025.<\/p>\n\n\n\n<p><a href=\"https:\/\/doity.com.br\/ferramentas-audiovisuais\">Ferramentas audiovisuais<\/a> &#8211; 12\/08 a 11\/09 <\/p>\n\n\n\n<p><a href=\"https:\/\/doity.com.br\/seguranca-laboratorial\">Seguran\u00e7a laboratorial<\/a> &#8211; 12\/08 a 11\/09<\/p>\n\n\n\n<p><a href=\"https:\/\/doity.com.br\/analise-prevencao-e-combate-ao-assedio-e-discriminacao-na-ufpr\">An\u00e1lise, preven\u00e7\u00e3o e combate ao ass\u00e9dio e discrimina\u00e7\u00e3o na UFPR<\/a> &#8211; 26\/08 a 14\/10<\/p>\n\n\n\n<p>Apresenta\u00e7\u00e3o de dados usando a ferramenta Power BI &#8211; 01\/09 a 22\/10 (a confirmar)<\/p>\n\n\n\n<p>Estrat\u00e9gias de comunica\u00e7\u00e3o para a divulga\u00e7\u00e3o cient\u00edfica &#8211; 09\/09 a 09\/10 (a confirmar)<\/p>\n\n\n\n<p>Ensino superior brasileiro: aspectos da legisla\u00e7\u00e3o e pr\u00e1tica &#8211; 15\/09 a 16\/10 (a confirmar)<\/p>\n\n\n\n<div class=\"wp-block-uagb-image uagb-block-924f59c9 wp-block-uagb-image--layout-default wp-block-uagb-image--effect-static wp-block-uagb-image--align-none\"><figure class=\"wp-block-uagb-image__figure\"><img decoding=\"async\" srcset=\"https:\/\/progepe.ufpr.br\/capacitacao\/wp-content\/uploads\/2025\/07\/Previsaodecursos.png ,https:\/\/progepe.ufpr.br\/capacitacao\/wp-content\/uploads\/2025\/07\/Previsaodecursos.png 780w, https:\/\/progepe.ufpr.br\/capacitacao\/wp-content\/uploads\/2025\/07\/Previsaodecursos.png 360w\" sizes=\"auto, (max-width: 480px) 150px\" src=\"https:\/\/progepe.ufpr.br\/capacitacao\/wp-content\/uploads\/2025\/07\/Previsaodecursos.png\" alt=\"\" class=\"uag-image-78323\" width=\"1000\" height=\"280\" title=\"Previs\u00e3odecursos\" loading=\"lazy\" role=\"img\"\/><\/figure><\/div>\n","protected":false},"excerpt":{"rendered":"<p>A PROGEPE\/CDP\/UCAQ divulga cursos de capacita\u00e7\u00e3o com in\u00edcio previsto em agosto e setembro de 2025. Ferramentas audiovisuais &#8211; 12\/08 a 11\/09 Seguran\u00e7a laboratorial &#8211; 12\/08 a 11\/09 An\u00e1lise, preven\u00e7\u00e3o e combate ao ass\u00e9dio e discrimina\u00e7\u00e3o na UFPR &#8211; 26\/08 a 14\/10 Apresenta\u00e7\u00e3o de dados usando a ferramenta Power BI &#8211; 01\/09 a 22\/10 (a confirmar) [&hellip;]<\/p>\n","protected":false},"author":57,"featured_media":78323,"comment_status":"closed","ping_status":"closed","sticky":false,"template":"","format":"standard","meta":{"_coblocks_attr":"","_coblocks_dimensions":"","_coblocks_responsive_height":"","_coblocks_accordion_ie_support":"","_uag_custom_page_level_css":"","iawp_total_views":207,"footnotes":""},"categories":[322],"tags":[334,333],"class_list":["post-78322","post","type-post","status-publish","format-standard","has-post-thumbnail","hentry","category-noticias","tag-capacitacao","tag-cursos"],"uagb_featured_image_src":{"full":["https:\/\/progepe.ufpr.br\/capacitacao\/wp-content\/uploads\/2025\/07\/Previsaodecursos.png",1000,280,false],"thumbnail":["https:\/\/progepe.ufpr.br\/capacitacao\/wp-content\/uploads\/2025\/07\/Previsaodecursos-150x150.png",150,150,true],"medium":["https:\/\/progepe.ufpr.br\/capacitacao\/wp-content\/uploads\/2025\/07\/Previsaodecursos-300x84.png",300,84,true],"medium_large":["https:\/\/progepe.ufpr.br\/capacitacao\/wp-content\/uploads\/2025\/07\/Previsaodecursos-768x215.png",768,215,true],"large":["https:\/\/progepe.ufpr.br\/capacitacao\/wp-content\/uploads\/2025\/07\/Previsaodecursos.png",1000,280,false],"1536x1536":["https:\/\/progepe.ufpr.br\/capacitacao\/wp-content\/uploads\/2025\/07\/Previsaodecursos.png",1000,280,false],"2048x2048":["https:\/\/progepe.ufpr.br\/capacitacao\/wp-content\/uploads\/2025\/07\/Previsaodecursos.png",1000,280,false]},"uagb_author_info":{"display_name":"Karine Lopes","author_link":"https:\/\/progepe.ufpr.br\/capacitacao\/author\/karinelopes\/"},"uagb_comment_info":0,"uagb_excerpt":"A PROGEPE\/CDP\/UCAQ divulga cursos de capacita\u00e7\u00e3o com in\u00edcio previsto em agosto e setembro de 2025. Ferramentas audiovisuais &#8211; 12\/08 a 11\/09 Seguran\u00e7a laboratorial &#8211; 12\/08 a 11\/09 An\u00e1lise, preven\u00e7\u00e3o e combate ao ass\u00e9dio e discrimina\u00e7\u00e3o na UFPR &#8211; 26\/08 a 14\/10 Apresenta\u00e7\u00e3o de dados usando a ferramenta Power BI &#8211; 01\/09 a 22\/10 (a confirmar)&hellip;","publishpress_future_action":{"enabled":false,"date":"2026-05-03 04:36:37","action":"category-remove","newStatus":"draft","terms":[328],"taxonomy":"carrossel"},"publishpress_future_workflow_manual_trigger":{"enabledWorkflows":[]},"_links":{"self":[{"href":"https:\/\/progepe.ufpr.br\/capacitacao\/wp-json\/wp\/v2\/posts\/78322","targetHints":{"allow":["GET"]}}],"collection":[{"href":"https:\/\/progepe.ufpr.br\/capacitacao\/wp-json\/wp\/v2\/posts"}],"about":[{"href":"https:\/\/progepe.ufpr.br\/capacitacao\/wp-json\/wp\/v2\/types\/post"}],"author":[{"embeddable":true,"href":"https:\/\/progepe.ufpr.br\/capacitacao\/wp-json\/wp\/v2\/users\/57"}],"replies":[{"embeddable":true,"href":"https:\/\/progepe.ufpr.br\/capacitacao\/wp-json\/wp\/v2\/comments?post=78322"}],"version-history":[{"count":2,"href":"https:\/\/progepe.ufpr.br\/capacitacao\/wp-json\/wp\/v2\/posts\/78322\/revisions"}],"predecessor-version":[{"id":78333,"href":"https:\/\/progepe.ufpr.br\/capacitacao\/wp-json\/wp\/v2\/posts\/78322\/revisions\/78333"}],"wp:featuredmedia":[{"embeddable":true,"href":"https:\/\/progepe.ufpr.br\/capacitacao\/wp-json\/wp\/v2\/media\/78323"}],"wp:attachment":[{"href":"https:\/\/progepe.ufpr.br\/capacitacao\/wp-json\/wp\/v2\/media?parent=78322"}],"wp:term":[{"taxonomy":"category","embeddable":true,"href":"https:\/\/progepe.ufpr.br\/capacitacao\/wp-json\/wp\/v2\/categories?post=78322"},{"taxonomy":"post_tag","embeddable":true,"href":"https:\/\/progepe.ufpr.br\/capacitacao\/wp-json\/wp\/v2\/tags?post=78322"}],"curies":[{"name":"wp","href":"https:\/\/api.w.org\/{rel}","templated":true}]}}