{"id":78350,"date":"2025-07-30T16:49:08","date_gmt":"2025-07-30T19:49:08","guid":{"rendered":"https:\/\/progepe.ufpr.br\/capacitacao\/?p=78350"},"modified":"2025-07-30T16:50:15","modified_gmt":"2025-07-30T19:50:15","slug":"cdp-e-ucaq-se-reunem-com-outras-instituicoes-para-compartilhamentos-de-ideias","status":"publish","type":"post","link":"https:\/\/progepe.ufpr.br\/capacitacao\/cdp-e-ucaq-se-reunem-com-outras-instituicoes-para-compartilhamentos-de-ideias\/","title":{"rendered":"CDP e UCAQ dialogam com outras institui\u00e7\u00f5es para compartilhamentos de ideias"},"content":{"rendered":"\n<p>O m\u00eas de julho foi marcado por relevantes di\u00e1logos e trocas para a Unidade de Capacita\u00e7\u00e3o e Qualifica\u00e7\u00e3o (UCAQ). Acompanhada pela Coordenadora de Desenvolvimento de Pessoas (CDP), a equipe da UCAQ reuniu-se com representantes da equipe da Escola de Governan\u00e7a em Gest\u00e3o P\u00fablica da Universidade Federal Fluminense (EGGP\/UFF)  e da Escola de Servidores da Universidade Federal do Pampa (EServ\/UNIPAMPA), ambas com a\u00e7\u00f5es de destaque no desenvolvimento de seus servidores. A CDP\/UCAQ tem se dedicado a pesquisas de boas pr\u00e1ticas e inova\u00e7\u00e3o para qualificar cada vez mais os servi\u00e7os prestados aos servidores da UFPR.<\/p>\n\n\n\n<figure class=\"wp-block-gallery has-nested-images columns-default is-cropped wp-block-gallery-1 is-layout-flex wp-block-gallery-is-layout-flex\">\n<figure class=\"wp-block-image size-full\"><img loading=\"lazy\" decoding=\"async\" width=\"845\" height=\"292\" data-id=\"78353\" src=\"https:\/\/progepe.ufpr.br\/capacitacao\/wp-content\/uploads\/2025\/07\/reunioes-1.png\" alt=\"\" class=\"wp-image-78353\" srcset=\"https:\/\/progepe.ufpr.br\/capacitacao\/wp-content\/uploads\/2025\/07\/reunioes-1.png 845w, https:\/\/progepe.ufpr.br\/capacitacao\/wp-content\/uploads\/2025\/07\/reunioes-1-300x104.png 300w, https:\/\/progepe.ufpr.br\/capacitacao\/wp-content\/uploads\/2025\/07\/reunioes-1-768x265.png 768w\" sizes=\"auto, (max-width: 845px) 100vw, 845px\" \/><\/figure>\n<\/figure>\n\n\n\n<p><\/p>\n","protected":false},"excerpt":{"rendered":"<p>O m\u00eas de julho foi marcado por relevantes di\u00e1logos e trocas para a Unidade de Capacita\u00e7\u00e3o e Qualifica\u00e7\u00e3o (UCAQ). Acompanhada pela Coordenadora de Desenvolvimento de Pessoas (CDP), a equipe da UCAQ reuniu-se com representantes da equipe da Escola de Governan\u00e7a em Gest\u00e3o P\u00fablica da Universidade Federal Fluminense (EGGP\/UFF) e da Escola de Servidores da Universidade [&hellip;]<\/p>\n","protected":false},"author":57,"featured_media":0,"comment_status":"closed","ping_status":"","sticky":false,"template":"","format":"standard","meta":{"_coblocks_attr":"","_coblocks_dimensions":"","_coblocks_responsive_height":"","_coblocks_accordion_ie_support":"","_uag_custom_page_level_css":"","iawp_total_views":5,"footnotes":""},"categories":[322],"tags":[],"class_list":["post-78350","post","type-post","status-publish","format-standard","hentry","category-noticias"],"uagb_featured_image_src":{"full":false,"thumbnail":false,"medium":false,"medium_large":false,"large":false,"1536x1536":false,"2048x2048":false},"uagb_author_info":{"display_name":"Karine Lopes","author_link":"https:\/\/progepe.ufpr.br\/capacitacao\/author\/karinelopes\/"},"uagb_comment_info":0,"uagb_excerpt":"O m\u00eas de julho foi marcado por relevantes di\u00e1logos e trocas para a Unidade de Capacita\u00e7\u00e3o e Qualifica\u00e7\u00e3o (UCAQ). Acompanhada pela Coordenadora de Desenvolvimento de Pessoas (CDP), a equipe da UCAQ reuniu-se com representantes da equipe da Escola de Governan\u00e7a em Gest\u00e3o P\u00fablica da Universidade Federal Fluminense (EGGP\/UFF) e da Escola de Servidores da Universidade&hellip;","publishpress_future_action":{"enabled":false,"date":"2026-05-10 08:19:42","action":"category-remove","newStatus":"draft","terms":[328],"taxonomy":"carrossel"},"publishpress_future_workflow_manual_trigger":{"enabledWorkflows":[]},"_links":{"self":[{"href":"https:\/\/progepe.ufpr.br\/capacitacao\/wp-json\/wp\/v2\/posts\/78350","targetHints":{"allow":["GET"]}}],"collection":[{"href":"https:\/\/progepe.ufpr.br\/capacitacao\/wp-json\/wp\/v2\/posts"}],"about":[{"href":"https:\/\/progepe.ufpr.br\/capacitacao\/wp-json\/wp\/v2\/types\/post"}],"author":[{"embeddable":true,"href":"https:\/\/progepe.ufpr.br\/capacitacao\/wp-json\/wp\/v2\/users\/57"}],"replies":[{"embeddable":true,"href":"https:\/\/progepe.ufpr.br\/capacitacao\/wp-json\/wp\/v2\/comments?post=78350"}],"version-history":[{"count":2,"href":"https:\/\/progepe.ufpr.br\/capacitacao\/wp-json\/wp\/v2\/posts\/78350\/revisions"}],"predecessor-version":[{"id":78355,"href":"https:\/\/progepe.ufpr.br\/capacitacao\/wp-json\/wp\/v2\/posts\/78350\/revisions\/78355"}],"wp:attachment":[{"href":"https:\/\/progepe.ufpr.br\/capacitacao\/wp-json\/wp\/v2\/media?parent=78350"}],"wp:term":[{"taxonomy":"category","embeddable":true,"href":"https:\/\/progepe.ufpr.br\/capacitacao\/wp-json\/wp\/v2\/categories?post=78350"},{"taxonomy":"post_tag","embeddable":true,"href":"https:\/\/progepe.ufpr.br\/capacitacao\/wp-json\/wp\/v2\/tags?post=78350"}],"curies":[{"name":"wp","href":"https:\/\/api.w.org\/{rel}","templated":true}]}}