{"id":78501,"date":"2025-08-20T12:42:00","date_gmt":"2025-08-20T15:42:00","guid":{"rendered":"https:\/\/progepe.ufpr.br\/capacitacao\/?p=78501"},"modified":"2025-10-03T16:43:56","modified_gmt":"2025-10-03T19:43:56","slug":"novo-quadro-de-pontuacao-afastamento-para-pos-graduacao-e-pos-doutorado","status":"publish","type":"post","link":"https:\/\/progepe.ufpr.br\/capacitacao\/novo-quadro-de-pontuacao-afastamento-para-pos-graduacao-e-pos-doutorado\/","title":{"rendered":"Novo quadro de pontua\u00e7\u00e3o \u2013 afastamento para p\u00f3s-gradua\u00e7\u00e3o e p\u00f3s-doutorado"},"content":{"rendered":"\n<hr class=\"wp-block-separator has-alpha-channel-opacity\"\/>\n\n\n\n<p>A Coordenadoria de Desenvolvimento de Pessoas, da PROGEPE, com apoio t\u00e9cnico da Coordenadoria de P\u00f3s-Gradua\u00e7\u00e3o Stricto Sensu, da PROPG, divulga o novo quadro de pontua\u00e7\u00e3o dos editais de classifica\u00e7\u00e3o para afastamento de servidoras(es) interessadas(os) em realizar estudos de p\u00f3s-gradua\u00e7\u00e3o <em>stricto sensu<\/em>&nbsp;e p\u00f3s-doutorado. O novo quadro ser\u00e1 aplicado j\u00e1 no pr\u00f3ximo edital, previsto para outubro.<\/p>\n\n\n\n<p>Para as(os) docentes, a atualiza\u00e7\u00e3o contempla, entre outras mudan\u00e7as, a altera\u00e7\u00e3o do crit\u00e9rio de avalia\u00e7\u00e3o de artigos cient\u00edficos. Com a extin\u00e7\u00e3o do indicador Qualis CAPES, a avalia\u00e7\u00e3o passa a considerar a base de dados em que o artigo est\u00e1 indexado. Al\u00e9m disso, ser\u00e3o aceitas apenas produ\u00e7\u00f5es intelectuais dos \u00faltimos cinco anos, medida que visa avaliar a consist\u00eancia da contribui\u00e7\u00e3o da(o) docente em sua atua\u00e7\u00e3o na UFPR.<\/p>\n\n\n\n<p>Para as(os) servidoras(es) t\u00e9cnico-administrativos, tamb\u00e9m houve altera\u00e7\u00f5es na pontua\u00e7\u00e3o e inclus\u00e3o de novos crit\u00e9rios.<\/p>\n\n\n\n<p>Os quadros de pontua\u00e7\u00e3o est\u00e3o dispon\u00edveis no site da PROGEPE, no Portal de Desenvolvimento de Pessoas &gt; Editais &gt; Afastamentos &gt; Editais para Afastamento 2025 &gt; Docente ou T\u00e9cnico. Os documentos foram disponibilizados em planilhas que permitem a inclus\u00e3o de dados e o c\u00e1lculo autom\u00e1tico da pontua\u00e7\u00e3o.<\/p>\n\n\n\n<p>Em caso de d\u00favidas, entre em contato pelo Teams da CDP, e-mail <strong><u><a href=\"mailto:cdp.progepe@ufpr.br\">cdp.progepe@ufpr.br<\/a><\/u><\/strong>&nbsp;ou pelo telefone <strong>(41) 3360-4513<\/strong>.<\/p>\n\n\n\n<p><\/p>\n","protected":false},"excerpt":{"rendered":"<p>A Coordenadoria de Desenvolvimento de Pessoas, da PROGEPE, com apoio t\u00e9cnico da Coordenadoria de P\u00f3s-Gradua\u00e7\u00e3o Stricto Sensu, da PROPG, divulga o novo quadro de pontua\u00e7\u00e3o dos editais de classifica\u00e7\u00e3o para afastamento de servidoras(es) interessadas(os) em realizar estudos de p\u00f3s-gradua\u00e7\u00e3o stricto sensu&nbsp;e p\u00f3s-doutorado. O novo quadro ser\u00e1 aplicado j\u00e1 no pr\u00f3ximo edital, previsto para outubro. Para [&hellip;]<\/p>\n","protected":false},"author":58,"featured_media":78494,"comment_status":"closed","ping_status":"closed","sticky":false,"template":"","format":"standard","meta":{"_coblocks_attr":"","_coblocks_dimensions":"","_coblocks_responsive_height":"","_coblocks_accordion_ie_support":"","_uag_custom_page_level_css":"","iawp_total_views":14,"footnotes":""},"categories":[322],"tags":[],"class_list":["post-78501","post","type-post","status-publish","format-standard","has-post-thumbnail","hentry","category-noticias"],"uagb_featured_image_src":{"full":["https:\/\/progepe.ufpr.br\/capacitacao\/wp-content\/uploads\/2025\/08\/BannerEditaisAfastamento-1000-x-300-mm.png",3780,1134,false],"thumbnail":["https:\/\/progepe.ufpr.br\/capacitacao\/wp-content\/uploads\/2025\/08\/BannerEditaisAfastamento-1000-x-300-mm-150x150.png",150,150,true],"medium":["https:\/\/progepe.ufpr.br\/capacitacao\/wp-content\/uploads\/2025\/08\/BannerEditaisAfastamento-1000-x-300-mm-300x90.png",300,90,true],"medium_large":["https:\/\/progepe.ufpr.br\/capacitacao\/wp-content\/uploads\/2025\/08\/BannerEditaisAfastamento-1000-x-300-mm-768x230.png",768,230,true],"large":["https:\/\/progepe.ufpr.br\/capacitacao\/wp-content\/uploads\/2025\/08\/BannerEditaisAfastamento-1000-x-300-mm-1024x307.png",1024,307,true],"1536x1536":["https:\/\/progepe.ufpr.br\/capacitacao\/wp-content\/uploads\/2025\/08\/BannerEditaisAfastamento-1000-x-300-mm-1536x461.png",1536,461,true],"2048x2048":["https:\/\/progepe.ufpr.br\/capacitacao\/wp-content\/uploads\/2025\/08\/BannerEditaisAfastamento-1000-x-300-mm-2048x614.png",2048,614,true]},"uagb_author_info":{"display_name":"Lucas Oliveira","author_link":"https:\/\/progepe.ufpr.br\/capacitacao\/author\/lucasbernardo\/"},"uagb_comment_info":0,"uagb_excerpt":"A Coordenadoria de Desenvolvimento de Pessoas, da PROGEPE, com apoio t\u00e9cnico da Coordenadoria de P\u00f3s-Gradua\u00e7\u00e3o Stricto Sensu, da PROPG, divulga o novo quadro de pontua\u00e7\u00e3o dos editais de classifica\u00e7\u00e3o para afastamento de servidoras(es) interessadas(os) em realizar estudos de p\u00f3s-gradua\u00e7\u00e3o stricto sensu&nbsp;e p\u00f3s-doutorado. O novo quadro ser\u00e1 aplicado j\u00e1 no pr\u00f3ximo edital, previsto para outubro. Para&hellip;","publishpress_future_action":{"enabled":false,"date":"2026-05-06 09:36:21","action":"category-remove","newStatus":"draft","terms":[328],"taxonomy":"carrossel"},"publishpress_future_workflow_manual_trigger":{"enabledWorkflows":[]},"_links":{"self":[{"href":"https:\/\/progepe.ufpr.br\/capacitacao\/wp-json\/wp\/v2\/posts\/78501","targetHints":{"allow":["GET"]}}],"collection":[{"href":"https:\/\/progepe.ufpr.br\/capacitacao\/wp-json\/wp\/v2\/posts"}],"about":[{"href":"https:\/\/progepe.ufpr.br\/capacitacao\/wp-json\/wp\/v2\/types\/post"}],"author":[{"embeddable":true,"href":"https:\/\/progepe.ufpr.br\/capacitacao\/wp-json\/wp\/v2\/users\/58"}],"replies":[{"embeddable":true,"href":"https:\/\/progepe.ufpr.br\/capacitacao\/wp-json\/wp\/v2\/comments?post=78501"}],"version-history":[{"count":1,"href":"https:\/\/progepe.ufpr.br\/capacitacao\/wp-json\/wp\/v2\/posts\/78501\/revisions"}],"predecessor-version":[{"id":78502,"href":"https:\/\/progepe.ufpr.br\/capacitacao\/wp-json\/wp\/v2\/posts\/78501\/revisions\/78502"}],"wp:featuredmedia":[{"embeddable":true,"href":"https:\/\/progepe.ufpr.br\/capacitacao\/wp-json\/wp\/v2\/media\/78494"}],"wp:attachment":[{"href":"https:\/\/progepe.ufpr.br\/capacitacao\/wp-json\/wp\/v2\/media?parent=78501"}],"wp:term":[{"taxonomy":"category","embeddable":true,"href":"https:\/\/progepe.ufpr.br\/capacitacao\/wp-json\/wp\/v2\/categories?post=78501"},{"taxonomy":"post_tag","embeddable":true,"href":"https:\/\/progepe.ufpr.br\/capacitacao\/wp-json\/wp\/v2\/tags?post=78501"}],"curies":[{"name":"wp","href":"https:\/\/api.w.org\/{rel}","templated":true}]}}