{"id":78558,"date":"2025-09-01T11:28:42","date_gmt":"2025-09-01T14:28:42","guid":{"rendered":"https:\/\/progepe.ufpr.br\/capacitacao\/?p=78558"},"modified":"2025-09-24T12:47:36","modified_gmt":"2025-09-24T15:47:36","slug":"seja-um-apoiador-da-semana-do-servidor-2025-da-ufpr","status":"publish","type":"post","link":"https:\/\/progepe.ufpr.br\/capacitacao\/seja-um-apoiador-da-semana-do-servidor-2025-da-ufpr\/","title":{"rendered":"Seja um apoiador da Semana do Servidor 2025 da UFPR"},"content":{"rendered":"\n<p>A Pr\u00f3-reitoria de Gest\u00e3o de Pessoas (PROGEPE) da Universidade Federal do Paran\u00e1 (UFPR) torna p\u00fablico o Edital N. 11\/2025 PROGEPE\/CDP\/UCAQ, que trata da abertura de inscri\u00e7\u00f5es para pessoas f\u00edsicas e jur\u00eddicas de direito p\u00fablico ou privado, com ou sem fins lucrativos, interessadas em apoiar a realiza\u00e7\u00e3o do evento \u201cXXVI Semana do Servidor da UFPR\u201d, oferecendo brindes a serem distribu\u00eddos e\/ou sorteados entre os participantes.<\/p>\n\n\n\n<p>A celebra\u00e7\u00e3o ao Dia do Servidor P\u00fablico, comemorado nacionalmente em 28 de outubro, tem uma significativa tradi\u00e7\u00e3o na UFPR, como forma de reconhecimento e valoriza\u00e7\u00e3o do trabalho e dedica\u00e7\u00e3o de seus servidores e servidoras.<\/p>\n\n\n\n<p><a href=\"https:\/\/progepe.ufpr.br\/capacitacao\/menu-editais\/\">Acesse o edital na \u00edntegra e veja como ser&nbsp;um&nbsp;apoiador.<\/a><\/p>\n\n\n\n<p><a href=\"https:\/\/progepe.ufpr.br\/capacitacao\/wp-content\/uploads\/2025\/09\/SEI_8173225_Edital_N._12.pdf\">Inscri\u00e7\u00f5es homologadas e Resultado preliminar<\/a><\/p>\n\n\n\n<p><a href=\"https:\/\/progepe.ufpr.br\/capacitacao\/wp-content\/uploads\/2025\/09\/SEI_8193242_Edital_N._13-1.pdf\">Resultado Final<\/a><\/p>\n\n\n\n\n\n<p><\/p>\n","protected":false},"excerpt":{"rendered":"<p>A Pr\u00f3-reitoria de Gest\u00e3o de Pessoas (PROGEPE) da Universidade Federal do Paran\u00e1 (UFPR) torna p\u00fablico o Edital N. 11\/2025 PROGEPE\/CDP\/UCAQ, que trata da abertura de inscri\u00e7\u00f5es para pessoas f\u00edsicas e jur\u00eddicas de direito p\u00fablico ou privado, com ou sem fins lucrativos, interessadas em apoiar a realiza\u00e7\u00e3o do evento \u201cXXVI Semana do Servidor da UFPR\u201d, oferecendo [&hellip;]<\/p>\n","protected":false},"author":58,"featured_media":78567,"comment_status":"closed","ping_status":"closed","sticky":false,"template":"","format":"standard","meta":{"_coblocks_attr":"","_coblocks_dimensions":"","_coblocks_responsive_height":"","_coblocks_accordion_ie_support":"","_uag_custom_page_level_css":"","iawp_total_views":13,"footnotes":""},"categories":[322],"tags":[],"class_list":["post-78558","post","type-post","status-publish","format-standard","has-post-thumbnail","hentry","category-noticias"],"uagb_featured_image_src":{"full":["https:\/\/progepe.ufpr.br\/capacitacao\/wp-content\/uploads\/2025\/08\/Banners-2025-1.png",1000,280,false],"thumbnail":["https:\/\/progepe.ufpr.br\/capacitacao\/wp-content\/uploads\/2025\/08\/Banners-2025-1-150x150.png",150,150,true],"medium":["https:\/\/progepe.ufpr.br\/capacitacao\/wp-content\/uploads\/2025\/08\/Banners-2025-1-300x84.png",300,84,true],"medium_large":["https:\/\/progepe.ufpr.br\/capacitacao\/wp-content\/uploads\/2025\/08\/Banners-2025-1-768x215.png",768,215,true],"large":["https:\/\/progepe.ufpr.br\/capacitacao\/wp-content\/uploads\/2025\/08\/Banners-2025-1.png",1000,280,false],"1536x1536":["https:\/\/progepe.ufpr.br\/capacitacao\/wp-content\/uploads\/2025\/08\/Banners-2025-1.png",1000,280,false],"2048x2048":["https:\/\/progepe.ufpr.br\/capacitacao\/wp-content\/uploads\/2025\/08\/Banners-2025-1.png",1000,280,false]},"uagb_author_info":{"display_name":"Lucas Oliveira","author_link":"https:\/\/progepe.ufpr.br\/capacitacao\/author\/lucasbernardo\/"},"uagb_comment_info":0,"uagb_excerpt":"A Pr\u00f3-reitoria de Gest\u00e3o de Pessoas (PROGEPE) da Universidade Federal do Paran\u00e1 (UFPR) torna p\u00fablico o Edital N. 11\/2025 PROGEPE\/CDP\/UCAQ, que trata da abertura de inscri\u00e7\u00f5es para pessoas f\u00edsicas e jur\u00eddicas de direito p\u00fablico ou privado, com ou sem fins lucrativos, interessadas em apoiar a realiza\u00e7\u00e3o do evento \u201cXXVI Semana do Servidor da UFPR\u201d, oferecendo&hellip;","publishpress_future_action":{"enabled":false,"date":"2026-05-08 19:10:05","action":"category-remove","newStatus":"draft","terms":[328],"taxonomy":"carrossel"},"publishpress_future_workflow_manual_trigger":{"enabledWorkflows":[]},"_links":{"self":[{"href":"https:\/\/progepe.ufpr.br\/capacitacao\/wp-json\/wp\/v2\/posts\/78558","targetHints":{"allow":["GET"]}}],"collection":[{"href":"https:\/\/progepe.ufpr.br\/capacitacao\/wp-json\/wp\/v2\/posts"}],"about":[{"href":"https:\/\/progepe.ufpr.br\/capacitacao\/wp-json\/wp\/v2\/types\/post"}],"author":[{"embeddable":true,"href":"https:\/\/progepe.ufpr.br\/capacitacao\/wp-json\/wp\/v2\/users\/58"}],"replies":[{"embeddable":true,"href":"https:\/\/progepe.ufpr.br\/capacitacao\/wp-json\/wp\/v2\/comments?post=78558"}],"version-history":[{"count":7,"href":"https:\/\/progepe.ufpr.br\/capacitacao\/wp-json\/wp\/v2\/posts\/78558\/revisions"}],"predecessor-version":[{"id":78658,"href":"https:\/\/progepe.ufpr.br\/capacitacao\/wp-json\/wp\/v2\/posts\/78558\/revisions\/78658"}],"wp:featuredmedia":[{"embeddable":true,"href":"https:\/\/progepe.ufpr.br\/capacitacao\/wp-json\/wp\/v2\/media\/78567"}],"wp:attachment":[{"href":"https:\/\/progepe.ufpr.br\/capacitacao\/wp-json\/wp\/v2\/media?parent=78558"}],"wp:term":[{"taxonomy":"category","embeddable":true,"href":"https:\/\/progepe.ufpr.br\/capacitacao\/wp-json\/wp\/v2\/categories?post=78558"},{"taxonomy":"post_tag","embeddable":true,"href":"https:\/\/progepe.ufpr.br\/capacitacao\/wp-json\/wp\/v2\/tags?post=78558"}],"curies":[{"name":"wp","href":"https:\/\/api.w.org\/{rel}","templated":true}]}}