{"id":78584,"date":"2025-09-12T12:24:29","date_gmt":"2025-09-12T15:24:29","guid":{"rendered":"https:\/\/progepe.ufpr.br\/capacitacao\/?p=78584"},"modified":"2025-11-11T10:04:07","modified_gmt":"2025-11-11T13:04:07","slug":"lideranca-motivacao-e-gestao-de-equipes-na-administracao-publica","status":"publish","type":"post","link":"https:\/\/progepe.ufpr.br\/capacitacao\/lideranca-motivacao-e-gestao-de-equipes-na-administracao-publica\/","title":{"rendered":"Lideran\u00e7a, Motiva\u00e7\u00e3o e Gest\u00e3o de Equipes na Administra\u00e7\u00e3o P\u00fablica"},"content":{"rendered":"\n<p>A PROGEPE\/CDP\/UCAQ divulga a oferta do curso de capacita\u00e7\u00e3o &#8220;<strong>Lideran\u00e7a, Motiva\u00e7\u00e3o e Gest\u00e3o de Equipes na Administra\u00e7\u00e3o P\u00fablica <\/strong>&#8220;, que objetiva trabalhar aspectos relacionados \u00e0 rela\u00e7\u00e3o interpessoal no que tange a lideran\u00e7a, bem como aplic\u00e1-lo de forma eficaz junto aos liderados.&nbsp;&nbsp;<\/p>\n\n\n\n<p>O curso consistir\u00e1 em <strong>06 aulas online e s\u00edncronas<\/strong>, .&nbsp;<\/p>\n\n\n\n<p><strong>P\u00fablico-alvo:<\/strong> Servidores que exer\u00e7am o cargo de lideran\u00e7a ou estejam sendo preparados para o cargo, e que necessitam desenvolver compet\u00eancias na gest\u00e3o de equipes.*&nbsp;<\/p>\n\n\n\n<p>*Exclusivo para servidores do quadro permanente e ativo da UFPR.&nbsp;<\/p>\n\n\n\n<p><strong>Per\u00edodo de inscri\u00e7\u00f5es<\/strong>: 18\/09 a 25\/09\/2025&nbsp;<\/p>\n\n\n\n<p><strong>Per\u00edodo de realiza\u00e7\u00e3o<\/strong>: 06\/10 a 22\/10\/2025&nbsp;<\/p>\n\n\n\n<p><strong>Dia e hor\u00e1rios<\/strong>: segundas e quartas-feiras, 13:30h \u00e0s 15:30h (aulas online e s\u00edncronas)&nbsp;<\/p>\n\n\n\n<p><strong>Local<\/strong>: Microsoft Teams&nbsp;&nbsp;<\/p>\n\n\n\n<p><strong>Pr\u00e9-requisito<\/strong>: Computador com internet banda larga e conhecimentos b\u00e1sicos em inform\u00e1tica.&nbsp;<\/p>\n\n\n\n<p><strong>Carga hor\u00e1ria<\/strong>: 12 horas&nbsp;<\/p>\n\n\n\n<p><strong>Ministrante<\/strong>: &nbsp;Dr\u00aa Daniele Cristine Nickel&nbsp;<\/p>\n\n\n\n<p><a rel=\"noreferrer noopener\" target=\"_blank\" href=\"http:\/\/lattes.cnpq.br\/3405304715849162\">Consulte o lattes<\/a>.&nbsp;<\/p>\n\n\n\n<p>Para outras informa\u00e7\u00f5es sobre a a\u00e7\u00e3o e inscri\u00e7\u00f5es, <a rel=\"noreferrer noopener\" target=\"_blank\" href=\"http:\/\/doity.com.br\/lideranca-motivacao-e-gestao-de-equipes-na-administracao-publica\">clique aqui<\/a><a rel=\"noreferrer noopener\" target=\"_blank\" href=\"http:\/\/doity.com.br\/lideranca-motivacao-e-gestao-de-equipes-na-administracao-publica\">&nbsp;<\/a><\/p>\n\n\n\n<p>Ressaltamos que as decis\u00f5es relativas ao formato dos encontros, bem como \u00e0 sele\u00e7\u00e3o dos materiais e conte\u00fados abordados, s\u00e3o de responsabilidade exclusiva do(a) instrutor(a) do curso.<\/p>\n","protected":false},"excerpt":{"rendered":"<p>A PROGEPE\/CDP\/UCAQ divulga a oferta do curso de capacita\u00e7\u00e3o &#8220;Lideran\u00e7a, Motiva\u00e7\u00e3o e Gest\u00e3o de Equipes na Administra\u00e7\u00e3o P\u00fablica &#8220;, que objetiva trabalhar aspectos relacionados \u00e0 rela\u00e7\u00e3o interpessoal no que tange a lideran\u00e7a, bem como aplic\u00e1-lo de forma eficaz junto aos liderados.&nbsp;&nbsp; O curso consistir\u00e1 em 06 aulas online e s\u00edncronas, .&nbsp; P\u00fablico-alvo: Servidores que exer\u00e7am [&hellip;]<\/p>\n","protected":false},"author":58,"featured_media":78586,"comment_status":"closed","ping_status":"closed","sticky":false,"template":"","format":"standard","meta":{"_coblocks_attr":"","_coblocks_dimensions":"","_coblocks_responsive_height":"","_coblocks_accordion_ie_support":"","_uag_custom_page_level_css":"","iawp_total_views":56,"footnotes":""},"categories":[322],"tags":[],"class_list":["post-78584","post","type-post","status-publish","format-standard","has-post-thumbnail","hentry","category-noticias"],"uagb_featured_image_src":{"full":["https:\/\/progepe.ufpr.br\/capacitacao\/wp-content\/uploads\/2025\/09\/Bannerlideranca.png",1000,280,false],"thumbnail":["https:\/\/progepe.ufpr.br\/capacitacao\/wp-content\/uploads\/2025\/09\/Bannerlideranca-150x150.png",150,150,true],"medium":["https:\/\/progepe.ufpr.br\/capacitacao\/wp-content\/uploads\/2025\/09\/Bannerlideranca-300x84.png",300,84,true],"medium_large":["https:\/\/progepe.ufpr.br\/capacitacao\/wp-content\/uploads\/2025\/09\/Bannerlideranca-768x215.png",768,215,true],"large":["https:\/\/progepe.ufpr.br\/capacitacao\/wp-content\/uploads\/2025\/09\/Bannerlideranca.png",1000,280,false],"1536x1536":["https:\/\/progepe.ufpr.br\/capacitacao\/wp-content\/uploads\/2025\/09\/Bannerlideranca.png",1000,280,false],"2048x2048":["https:\/\/progepe.ufpr.br\/capacitacao\/wp-content\/uploads\/2025\/09\/Bannerlideranca.png",1000,280,false]},"uagb_author_info":{"display_name":"Lucas Oliveira","author_link":"https:\/\/progepe.ufpr.br\/capacitacao\/author\/lucasbernardo\/"},"uagb_comment_info":0,"uagb_excerpt":"A PROGEPE\/CDP\/UCAQ divulga a oferta do curso de capacita\u00e7\u00e3o &#8220;Lideran\u00e7a, Motiva\u00e7\u00e3o e Gest\u00e3o de Equipes na Administra\u00e7\u00e3o P\u00fablica &#8220;, que objetiva trabalhar aspectos relacionados \u00e0 rela\u00e7\u00e3o interpessoal no que tange a lideran\u00e7a, bem como aplic\u00e1-lo de forma eficaz junto aos liderados.&nbsp;&nbsp; O curso consistir\u00e1 em 06 aulas online e s\u00edncronas, .&nbsp; P\u00fablico-alvo: Servidores que exer\u00e7am&hellip;","publishpress_future_action":{"enabled":false,"date":"2026-05-10 08:19:42","action":"category-remove","newStatus":"draft","terms":[328],"taxonomy":"carrossel"},"publishpress_future_workflow_manual_trigger":{"enabledWorkflows":[]},"_links":{"self":[{"href":"https:\/\/progepe.ufpr.br\/capacitacao\/wp-json\/wp\/v2\/posts\/78584","targetHints":{"allow":["GET"]}}],"collection":[{"href":"https:\/\/progepe.ufpr.br\/capacitacao\/wp-json\/wp\/v2\/posts"}],"about":[{"href":"https:\/\/progepe.ufpr.br\/capacitacao\/wp-json\/wp\/v2\/types\/post"}],"author":[{"embeddable":true,"href":"https:\/\/progepe.ufpr.br\/capacitacao\/wp-json\/wp\/v2\/users\/58"}],"replies":[{"embeddable":true,"href":"https:\/\/progepe.ufpr.br\/capacitacao\/wp-json\/wp\/v2\/comments?post=78584"}],"version-history":[{"count":1,"href":"https:\/\/progepe.ufpr.br\/capacitacao\/wp-json\/wp\/v2\/posts\/78584\/revisions"}],"predecessor-version":[{"id":78587,"href":"https:\/\/progepe.ufpr.br\/capacitacao\/wp-json\/wp\/v2\/posts\/78584\/revisions\/78587"}],"wp:featuredmedia":[{"embeddable":true,"href":"https:\/\/progepe.ufpr.br\/capacitacao\/wp-json\/wp\/v2\/media\/78586"}],"wp:attachment":[{"href":"https:\/\/progepe.ufpr.br\/capacitacao\/wp-json\/wp\/v2\/media?parent=78584"}],"wp:term":[{"taxonomy":"category","embeddable":true,"href":"https:\/\/progepe.ufpr.br\/capacitacao\/wp-json\/wp\/v2\/categories?post=78584"},{"taxonomy":"post_tag","embeddable":true,"href":"https:\/\/progepe.ufpr.br\/capacitacao\/wp-json\/wp\/v2\/tags?post=78584"}],"curies":[{"name":"wp","href":"https:\/\/api.w.org\/{rel}","templated":true}]}}