{"id":78589,"date":"2025-09-12T12:26:44","date_gmt":"2025-09-12T15:26:44","guid":{"rendered":"https:\/\/progepe.ufpr.br\/capacitacao\/?p=78589"},"modified":"2025-11-11T10:03:45","modified_gmt":"2025-11-11T13:03:45","slug":"gestao-de-projetos","status":"publish","type":"post","link":"https:\/\/progepe.ufpr.br\/capacitacao\/gestao-de-projetos\/","title":{"rendered":"Gest\u00e3o de Projetos"},"content":{"rendered":"\n<p>A PROGEPE\/CDP\/UCAQ divulga a oferta do curso de capacita\u00e7\u00e3o &#8220;<strong>Gest\u00e3o de Projetos<\/strong>&#8220;, que objetiva proporcionar aos participantes uma compreens\u00e3o introdut\u00f3ria dos fundamentos da gest\u00e3o de projetos, explorando conceitos-chave do PMBOK e das metodologias \u00e1geis, de forma a capacit\u00e1-los a aplicar pr\u00e1ticas b\u00e1sicas de planejamento, execu\u00e7\u00e3o, monitoramento e controle em diferentes contextos organizacionais.<\/p>\n\n\n\n<p>O curso consistir\u00e1 em <strong>10 aulas online e s\u00edncronas<\/strong>, .&nbsp;<\/p>\n\n\n\n<p><strong>P\u00fablico-alvo:<\/strong> Gestores de unidades, analistas e demais servidores que desejem obter uma vis\u00e3o inicial geral sobre gest\u00e3o de projetos.*&nbsp;<\/p>\n\n\n\n<p>*Exclusivo para servidores do quadro permanente e ativo da UFPR.&nbsp;<\/p>\n\n\n\n<p><strong>Per\u00edodo de inscri\u00e7\u00f5es<\/strong>: 18\/09 a 25\/09\/2025&nbsp;<\/p>\n\n\n\n<p><strong>Per\u00edodo de realiza\u00e7\u00e3o<\/strong>: 01\/10 a 12\/11\/2025&nbsp;<\/p>\n\n\n\n<p><strong>Dia e hor\u00e1rios<\/strong>: quartas e quintas-feiras, 13:30h \u00e0s 15:30h (aulas online e s\u00edncronas)&nbsp;<\/p>\n\n\n\n<p><strong>Local<\/strong>: Microsoft Teams&nbsp;&nbsp;<\/p>\n\n\n\n<p><strong>Pr\u00e9-requisito<\/strong>: Computador com internet banda larga e conhecimentos b\u00e1sicos em inform\u00e1tica.&nbsp;<\/p>\n\n\n\n<p><strong>Carga hor\u00e1ria<\/strong>: 20 horas&nbsp;<\/p>\n\n\n\n<p><strong>Ministrante<\/strong>: Dr. Jos\u00e9 Marcelo Almeida&nbsp;Prado&nbsp;Cestari&nbsp;<\/p>\n\n\n\n<p><a rel=\"noreferrer noopener\" target=\"_blank\" href=\"http:\/\/lattes.cnpq.br\/0125473885727627\">Consulte o lattes<\/a>.&nbsp;<\/p>\n\n\n\n<p>Para outras informa\u00e7\u00f5es sobre a a\u00e7\u00e3o e inscri\u00e7\u00f5es, <a rel=\"noreferrer noopener\" target=\"_blank\" href=\"http:\/\/doity.com.br\/gestao-de-projetos-5\">clique aqui<\/a>.&nbsp;<\/p>\n\n\n\n<p>Ressaltamos que as decis\u00f5es relativas ao formato dos encontros, bem como \u00e0 sele\u00e7\u00e3o dos materiais e conte\u00fados abordados, s\u00e3o de responsabilidade exclusiva do(a) instrutor(a) do curso.<\/p>\n","protected":false},"excerpt":{"rendered":"<p>A PROGEPE\/CDP\/UCAQ divulga a oferta do curso de capacita\u00e7\u00e3o &#8220;Gest\u00e3o de Projetos&#8220;, que objetiva proporcionar aos participantes uma compreens\u00e3o introdut\u00f3ria dos fundamentos da gest\u00e3o de projetos, explorando conceitos-chave do PMBOK e das metodologias \u00e1geis, de forma a capacit\u00e1-los a aplicar pr\u00e1ticas b\u00e1sicas de planejamento, execu\u00e7\u00e3o, monitoramento e controle em diferentes contextos organizacionais. O curso consistir\u00e1 [&hellip;]<\/p>\n","protected":false},"author":58,"featured_media":78590,"comment_status":"closed","ping_status":"closed","sticky":false,"template":"","format":"standard","meta":{"_coblocks_attr":"","_coblocks_dimensions":"","_coblocks_responsive_height":"","_coblocks_accordion_ie_support":"","_uag_custom_page_level_css":"","iawp_total_views":115,"footnotes":""},"categories":[322],"tags":[],"class_list":["post-78589","post","type-post","status-publish","format-standard","has-post-thumbnail","hentry","category-noticias"],"uagb_featured_image_src":{"full":["https:\/\/progepe.ufpr.br\/capacitacao\/wp-content\/uploads\/2025\/09\/Gestaodeprojetos.png",1000,280,false],"thumbnail":["https:\/\/progepe.ufpr.br\/capacitacao\/wp-content\/uploads\/2025\/09\/Gestaodeprojetos-150x150.png",150,150,true],"medium":["https:\/\/progepe.ufpr.br\/capacitacao\/wp-content\/uploads\/2025\/09\/Gestaodeprojetos-300x84.png",300,84,true],"medium_large":["https:\/\/progepe.ufpr.br\/capacitacao\/wp-content\/uploads\/2025\/09\/Gestaodeprojetos-768x215.png",768,215,true],"large":["https:\/\/progepe.ufpr.br\/capacitacao\/wp-content\/uploads\/2025\/09\/Gestaodeprojetos.png",1000,280,false],"1536x1536":["https:\/\/progepe.ufpr.br\/capacitacao\/wp-content\/uploads\/2025\/09\/Gestaodeprojetos.png",1000,280,false],"2048x2048":["https:\/\/progepe.ufpr.br\/capacitacao\/wp-content\/uploads\/2025\/09\/Gestaodeprojetos.png",1000,280,false]},"uagb_author_info":{"display_name":"Lucas Oliveira","author_link":"https:\/\/progepe.ufpr.br\/capacitacao\/author\/lucasbernardo\/"},"uagb_comment_info":0,"uagb_excerpt":"A PROGEPE\/CDP\/UCAQ divulga a oferta do curso de capacita\u00e7\u00e3o &#8220;Gest\u00e3o de Projetos&#8220;, que objetiva proporcionar aos participantes uma compreens\u00e3o introdut\u00f3ria dos fundamentos da gest\u00e3o de projetos, explorando conceitos-chave do PMBOK e das metodologias \u00e1geis, de forma a capacit\u00e1-los a aplicar pr\u00e1ticas b\u00e1sicas de planejamento, execu\u00e7\u00e3o, monitoramento e controle em diferentes contextos organizacionais. O curso consistir\u00e1&hellip;","publishpress_future_action":{"enabled":false,"date":"2026-05-10 11:59:13","action":"category-remove","newStatus":"draft","terms":[328],"taxonomy":"carrossel"},"publishpress_future_workflow_manual_trigger":{"enabledWorkflows":[]},"_links":{"self":[{"href":"https:\/\/progepe.ufpr.br\/capacitacao\/wp-json\/wp\/v2\/posts\/78589","targetHints":{"allow":["GET"]}}],"collection":[{"href":"https:\/\/progepe.ufpr.br\/capacitacao\/wp-json\/wp\/v2\/posts"}],"about":[{"href":"https:\/\/progepe.ufpr.br\/capacitacao\/wp-json\/wp\/v2\/types\/post"}],"author":[{"embeddable":true,"href":"https:\/\/progepe.ufpr.br\/capacitacao\/wp-json\/wp\/v2\/users\/58"}],"replies":[{"embeddable":true,"href":"https:\/\/progepe.ufpr.br\/capacitacao\/wp-json\/wp\/v2\/comments?post=78589"}],"version-history":[{"count":1,"href":"https:\/\/progepe.ufpr.br\/capacitacao\/wp-json\/wp\/v2\/posts\/78589\/revisions"}],"predecessor-version":[{"id":78591,"href":"https:\/\/progepe.ufpr.br\/capacitacao\/wp-json\/wp\/v2\/posts\/78589\/revisions\/78591"}],"wp:featuredmedia":[{"embeddable":true,"href":"https:\/\/progepe.ufpr.br\/capacitacao\/wp-json\/wp\/v2\/media\/78590"}],"wp:attachment":[{"href":"https:\/\/progepe.ufpr.br\/capacitacao\/wp-json\/wp\/v2\/media?parent=78589"}],"wp:term":[{"taxonomy":"category","embeddable":true,"href":"https:\/\/progepe.ufpr.br\/capacitacao\/wp-json\/wp\/v2\/categories?post=78589"},{"taxonomy":"post_tag","embeddable":true,"href":"https:\/\/progepe.ufpr.br\/capacitacao\/wp-json\/wp\/v2\/tags?post=78589"}],"curies":[{"name":"wp","href":"https:\/\/api.w.org\/{rel}","templated":true}]}}