{"id":78735,"date":"2025-10-24T13:43:53","date_gmt":"2025-10-24T16:43:53","guid":{"rendered":"https:\/\/progepe.ufpr.br\/capacitacao\/?p=78735"},"modified":"2025-11-14T15:37:48","modified_gmt":"2025-11-14T18:37:48","slug":"selecao-de-instrutores-para-o-curso-reflexoes-sobre-disciplinas-internacionais-na-ufpr","status":"publish","type":"post","link":"https:\/\/progepe.ufpr.br\/capacitacao\/selecao-de-instrutores-para-o-curso-reflexoes-sobre-disciplinas-internacionais-na-ufpr\/","title":{"rendered":"Sele\u00e7\u00e3o de instrutores para o curso &#8220;Reflex\u00f5es sobre Disciplinas Internacionais na UFPR&#8221;"},"content":{"rendered":"\n<p>A PROGEPE\/CDP\/UCAQ, em parceria com a Coordenadoria de Pol\u00edticas Lingu\u00edsticas (CPL) do Escrit\u00f3rio de Rela\u00e7\u00f5es Internacionais (ERI)  e com a Pr\u00f3-Reitoria de P\u00f3s-Gradua\u00e7\u00e3o (PROPG), comunica o lan\u00e7amento do Edital n\u00ba 14\/2025 que tem por finalidade selecionar servidores docentes do quadro permanente da Universidade Federal do Paran\u00e1 (UFPR) interessados em ministrar o curso &#8220;<strong>Reflex\u00f5es sobre Disciplinas Internacionais na UFPR<\/strong>&#8220;.<\/p>\n\n\n\n<p>As inscri\u00e7\u00f5es iniciam \u00e0s 00h00 do dia 28 de outubro e seguem at\u00e9 as 23:59 do dia 03 de novembro de 2025.<\/p>\n\n\n\n<p><a href=\"https:\/\/progepe.ufpr.br\/capacitacao\/wp-content\/uploads\/2025\/10\/SEI_23075.067585_2025_36.pdf\">Acesse o edital aqui<\/a>.<\/p>\n\n\n\n<div class=\"wp-block-file\"><a id=\"wp-block-file--media-4473b526-d377-4c3f-95d7-9833bebee450\" href=\"https:\/\/progepe.ufpr.br\/capacitacao\/wp-content\/uploads\/2025\/10\/Edital-14.2025-Anexo-II-Quadro-de-pontuacao.odt\">Edital 14.2025 &#8211; Anexo II &#8211; Quadro de pontua\u00e7\u00e3o.<\/a><a href=\"https:\/\/progepe.ufpr.br\/capacitacao\/wp-content\/uploads\/2025\/10\/Edital-14.2025-Anexo-II-Quadro-de-pontuacao.odt\" class=\"wp-block-file__button wp-element-button\" download aria-describedby=\"wp-block-file--media-4473b526-d377-4c3f-95d7-9833bebee450\">Baixar<\/a><\/div>\n\n\n\n<p><a href=\"https:\/\/progepe.ufpr.br\/capacitacao\/wp-content\/uploads\/2025\/10\/SEI_8350901_Edital_15_2025-1-2.pdf\">Inscri\u00e7\u00f5es homologadas e Resultado preliminar<\/a>.<\/p>\n\n\n\n<p><a href=\"https:\/\/progepe.ufpr.br\/capacitacao\/wp-content\/uploads\/2025\/10\/SEI_8377962_Edital_16_2025-1.pdf\">Resultado final <\/a><\/p>\n\n\n\n<p><\/p>\n","protected":false},"excerpt":{"rendered":"<p>A PROGEPE\/CDP\/UCAQ, em parceria com a Coordenadoria de Pol\u00edticas Lingu\u00edsticas (CPL) do Escrit\u00f3rio de Rela\u00e7\u00f5es Internacionais (ERI) e com a Pr\u00f3-Reitoria de P\u00f3s-Gradua\u00e7\u00e3o (PROPG), comunica o lan\u00e7amento do Edital n\u00ba 14\/2025 que tem por finalidade selecionar servidores docentes do quadro permanente da Universidade Federal do Paran\u00e1 (UFPR) interessados em ministrar o curso &#8220;Reflex\u00f5es sobre Disciplinas [&hellip;]<\/p>\n","protected":false},"author":57,"featured_media":0,"comment_status":"closed","ping_status":"closed","sticky":false,"template":"","format":"standard","meta":{"_coblocks_attr":"","_coblocks_dimensions":"","_coblocks_responsive_height":"","_coblocks_accordion_ie_support":"","_uag_custom_page_level_css":"","iawp_total_views":163,"footnotes":""},"categories":[322,325],"tags":[],"class_list":["post-78735","post","type-post","status-publish","format-standard","hentry","category-noticias","category-processos_seletivos"],"uagb_featured_image_src":{"full":false,"thumbnail":false,"medium":false,"medium_large":false,"large":false,"1536x1536":false,"2048x2048":false},"uagb_author_info":{"display_name":"Karine Lopes","author_link":"https:\/\/progepe.ufpr.br\/capacitacao\/author\/karinelopes\/"},"uagb_comment_info":0,"uagb_excerpt":"A PROGEPE\/CDP\/UCAQ, em parceria com a Coordenadoria de Pol\u00edticas Lingu\u00edsticas (CPL) do Escrit\u00f3rio de Rela\u00e7\u00f5es Internacionais (ERI) e com a Pr\u00f3-Reitoria de P\u00f3s-Gradua\u00e7\u00e3o (PROPG), comunica o lan\u00e7amento do Edital n\u00ba 14\/2025 que tem por finalidade selecionar servidores docentes do quadro permanente da Universidade Federal do Paran\u00e1 (UFPR) interessados em ministrar o curso &#8220;Reflex\u00f5es sobre Disciplinas&hellip;","publishpress_future_action":{"enabled":false,"date":"2026-05-06 06:54:30","action":"category-remove","newStatus":"draft","terms":[328],"taxonomy":"carrossel"},"publishpress_future_workflow_manual_trigger":{"enabledWorkflows":[]},"_links":{"self":[{"href":"https:\/\/progepe.ufpr.br\/capacitacao\/wp-json\/wp\/v2\/posts\/78735","targetHints":{"allow":["GET"]}}],"collection":[{"href":"https:\/\/progepe.ufpr.br\/capacitacao\/wp-json\/wp\/v2\/posts"}],"about":[{"href":"https:\/\/progepe.ufpr.br\/capacitacao\/wp-json\/wp\/v2\/types\/post"}],"author":[{"embeddable":true,"href":"https:\/\/progepe.ufpr.br\/capacitacao\/wp-json\/wp\/v2\/users\/57"}],"replies":[{"embeddable":true,"href":"https:\/\/progepe.ufpr.br\/capacitacao\/wp-json\/wp\/v2\/comments?post=78735"}],"version-history":[{"count":4,"href":"https:\/\/progepe.ufpr.br\/capacitacao\/wp-json\/wp\/v2\/posts\/78735\/revisions"}],"predecessor-version":[{"id":78819,"href":"https:\/\/progepe.ufpr.br\/capacitacao\/wp-json\/wp\/v2\/posts\/78735\/revisions\/78819"}],"wp:attachment":[{"href":"https:\/\/progepe.ufpr.br\/capacitacao\/wp-json\/wp\/v2\/media?parent=78735"}],"wp:term":[{"taxonomy":"category","embeddable":true,"href":"https:\/\/progepe.ufpr.br\/capacitacao\/wp-json\/wp\/v2\/categories?post=78735"},{"taxonomy":"post_tag","embeddable":true,"href":"https:\/\/progepe.ufpr.br\/capacitacao\/wp-json\/wp\/v2\/tags?post=78735"}],"curies":[{"name":"wp","href":"https:\/\/api.w.org\/{rel}","templated":true}]}}