{"id":78897,"date":"2026-01-16T09:36:12","date_gmt":"2026-01-16T12:36:12","guid":{"rendered":"https:\/\/progepe.ufpr.br\/capacitacao\/?p=78897"},"modified":"2026-03-16T14:25:15","modified_gmt":"2026-03-16T17:25:15","slug":"avaliacao-de-desempenho-2026-primeira-fase","status":"publish","type":"post","link":"https:\/\/progepe.ufpr.br\/capacitacao\/avaliacao-de-desempenho-2026-primeira-fase\/","title":{"rendered":"Avalia\u00e7\u00e3o de desempenho 2026: Primeira fase"},"content":{"rendered":"\n<p>A Pr\u00f3-Reitoria de Gest\u00e3o de Pessoas (PROGEPE) vem informar que, a partir do dia 26\/01, estar\u00e1 dispon\u00edvel a primeira fase da Avalia\u00e7\u00e3o de Desempenho 2026, no Portal de Sistemas UFPR, cujo acesso dar-se-\u00e1 ap\u00f3s login em <a href=\"https:\/\/intranet.ufpr.br\/avaliacao\" rel=\"noreferrer noopener\" target=\"_blank\">https:\/\/intranet.ufpr.br\/avaliacao<\/a>, por meio da op\u00e7\u00e3o &#8220;Realizar Avalia\u00e7\u00e3o&#8221; dispon\u00edvel no menu lateral esquerdo da tela.<\/p>\n\n\n\n<p>Esta informa\u00e7\u00e3o \u00e9 dirigida e de interesse aos servidores t\u00e9cnico-administrativos ativos, integrantes do quadro de pessoas da Universidade Federal do Paran\u00e1 (UFPR), que ingressaram na Institui\u00e7\u00e3o at\u00e9 31 de dezembro de 2025, ocupantes ou n\u00e3o de cargo de chefia.<\/p>\n\n\n\n<p>O preenchimento poder\u00e1 ser feito entre \u00e0s 13h do dia 26 de janeiro at\u00e9 \u00e0s 17h do dia 08 de fevereiro de 2026.<\/p>\n\n\n\n<p>Observa\u00e7\u00f5es a serem consideradas:<\/p>\n\n\n\n<p>a) caso, ao acessar o Sistema AD T\u00e9cnicos 2026, o mesmo apresentar uma p\u00e1gina com a informa\u00e7\u00e3o \u201cocorreu um erro inesperado!\u201d, solicita-se que seja feito print da tela e a abertura de um Chamado no Portal de Sistemas UFPR, \u00e1rea de Chamados;<\/p>\n\n\n\n<p>b) em caso de servidores com dois v\u00ednculos de t\u00e9cnico administrativo na UFPR, o acesso ao Sistema AD T\u00e9cnicos 2026 dever\u00e1 ocorrer 02 (duas) vezes, utilizando-se n\u00famero espec\u00edfico da matr\u00edcula de cada v\u00ednculo, para a confirma\u00e7\u00e3o exata dos dados;<\/p>\n\n\n\n<p>c) em caso de servidor em exerc\u00edcio em outros \u00f3rg\u00e3o, este deve acessar o Sistema AD T\u00e9cnicos para conferir as informa\u00e7\u00f5es pessoais, confirmar a chefia imediata e o Caso AD em que se enquadra, conforme o Anexo I da Resolu\u00e7\u00e3o n\u00ba 32\/25-COPLAD.<\/p>\n\n\n\n<p>As informa\u00e7\u00f5es referentes \u00e0s demais fases da AD 2026 ser\u00e3o, precisamente, disponibilizadas em data oportuna, sendo poss\u00edvel antecipar que a segunda fase ser\u00e1 realizada no m\u00eas de mar\u00e7o e a fase complementar ser\u00e1 realizada no m\u00eas de maio.<\/p>\n\n\n\n<p>Mais informa\u00e7\u00f5es podem ser solicitadas \u00e0 Se\u00e7\u00e3o de Avalia\u00e7\u00e3o\/CDP\/PROGEPE pelo e-mail sav.cdp@ufpr.br, Teams ou telefone: 3360-4510.<\/p>\n\n\n\n<p><\/p>\n","protected":false},"excerpt":{"rendered":"<p>A Pr\u00f3-Reitoria de Gest\u00e3o de Pessoas (PROGEPE) vem informar que, a partir do dia 26\/01, estar\u00e1 dispon\u00edvel a primeira fase da Avalia\u00e7\u00e3o de Desempenho 2026, no Portal de Sistemas UFPR, cujo acesso dar-se-\u00e1 ap\u00f3s login em https:\/\/intranet.ufpr.br\/avaliacao, por meio da op\u00e7\u00e3o &#8220;Realizar Avalia\u00e7\u00e3o&#8221; dispon\u00edvel no menu lateral esquerdo da tela. Esta informa\u00e7\u00e3o \u00e9 dirigida e [&hellip;]<\/p>\n","protected":false},"author":2,"featured_media":78898,"comment_status":"closed","ping_status":"","sticky":false,"template":"","format":"standard","meta":{"_coblocks_attr":"","_coblocks_dimensions":"","_coblocks_responsive_height":"","_coblocks_accordion_ie_support":"","_uag_custom_page_level_css":"","iawp_total_views":113,"footnotes":""},"categories":[322],"tags":[],"class_list":["post-78897","post","type-post","status-publish","format-standard","has-post-thumbnail","hentry","category-noticias"],"uagb_featured_image_src":{"full":["https:\/\/progepe.ufpr.br\/capacitacao\/wp-content\/uploads\/2026\/01\/BannerAD2.png",1295,366,false],"thumbnail":["https:\/\/progepe.ufpr.br\/capacitacao\/wp-content\/uploads\/2026\/01\/BannerAD2-150x150.png",150,150,true],"medium":["https:\/\/progepe.ufpr.br\/capacitacao\/wp-content\/uploads\/2026\/01\/BannerAD2-300x85.png",300,85,true],"medium_large":["https:\/\/progepe.ufpr.br\/capacitacao\/wp-content\/uploads\/2026\/01\/BannerAD2-768x217.png",768,217,true],"large":["https:\/\/progepe.ufpr.br\/capacitacao\/wp-content\/uploads\/2026\/01\/BannerAD2-1024x289.png",1024,289,true],"1536x1536":["https:\/\/progepe.ufpr.br\/capacitacao\/wp-content\/uploads\/2026\/01\/BannerAD2.png",1295,366,false],"2048x2048":["https:\/\/progepe.ufpr.br\/capacitacao\/wp-content\/uploads\/2026\/01\/BannerAD2.png",1295,366,false]},"uagb_author_info":{"display_name":"Silvia Regina de Oliveira","author_link":"https:\/\/progepe.ufpr.br\/capacitacao\/author\/silvia\/"},"uagb_comment_info":0,"uagb_excerpt":"A Pr\u00f3-Reitoria de Gest\u00e3o de Pessoas (PROGEPE) vem informar que, a partir do dia 26\/01, estar\u00e1 dispon\u00edvel a primeira fase da Avalia\u00e7\u00e3o de Desempenho 2026, no Portal de Sistemas UFPR, cujo acesso dar-se-\u00e1 ap\u00f3s login em https:\/\/intranet.ufpr.br\/avaliacao, por meio da op\u00e7\u00e3o &#8220;Realizar Avalia\u00e7\u00e3o&#8221; dispon\u00edvel no menu lateral esquerdo da tela. Esta informa\u00e7\u00e3o \u00e9 dirigida e&hellip;","publishpress_future_action":{"enabled":false,"date":"2026-05-06 09:36:31","action":"category-remove","newStatus":"draft","terms":[328],"taxonomy":"carrossel"},"publishpress_future_workflow_manual_trigger":{"enabledWorkflows":[]},"_links":{"self":[{"href":"https:\/\/progepe.ufpr.br\/capacitacao\/wp-json\/wp\/v2\/posts\/78897","targetHints":{"allow":["GET"]}}],"collection":[{"href":"https:\/\/progepe.ufpr.br\/capacitacao\/wp-json\/wp\/v2\/posts"}],"about":[{"href":"https:\/\/progepe.ufpr.br\/capacitacao\/wp-json\/wp\/v2\/types\/post"}],"author":[{"embeddable":true,"href":"https:\/\/progepe.ufpr.br\/capacitacao\/wp-json\/wp\/v2\/users\/2"}],"replies":[{"embeddable":true,"href":"https:\/\/progepe.ufpr.br\/capacitacao\/wp-json\/wp\/v2\/comments?post=78897"}],"version-history":[{"count":3,"href":"https:\/\/progepe.ufpr.br\/capacitacao\/wp-json\/wp\/v2\/posts\/78897\/revisions"}],"predecessor-version":[{"id":78903,"href":"https:\/\/progepe.ufpr.br\/capacitacao\/wp-json\/wp\/v2\/posts\/78897\/revisions\/78903"}],"wp:featuredmedia":[{"embeddable":true,"href":"https:\/\/progepe.ufpr.br\/capacitacao\/wp-json\/wp\/v2\/media\/78898"}],"wp:attachment":[{"href":"https:\/\/progepe.ufpr.br\/capacitacao\/wp-json\/wp\/v2\/media?parent=78897"}],"wp:term":[{"taxonomy":"category","embeddable":true,"href":"https:\/\/progepe.ufpr.br\/capacitacao\/wp-json\/wp\/v2\/categories?post=78897"},{"taxonomy":"post_tag","embeddable":true,"href":"https:\/\/progepe.ufpr.br\/capacitacao\/wp-json\/wp\/v2\/tags?post=78897"}],"curies":[{"name":"wp","href":"https:\/\/api.w.org\/{rel}","templated":true}]}}