{"id":78921,"date":"2026-01-16T16:58:15","date_gmt":"2026-01-16T19:58:15","guid":{"rendered":"https:\/\/progepe.ufpr.br\/capacitacao\/?p=78921"},"modified":"2026-03-16T14:24:26","modified_gmt":"2026-03-16T17:24:26","slug":"mba-em-privacidade-e-seguranca-da-informacao","status":"publish","type":"post","link":"https:\/\/progepe.ufpr.br\/capacitacao\/mba-em-privacidade-e-seguranca-da-informacao\/","title":{"rendered":"MBA em Privacidade e Seguran\u00e7a da Informa\u00e7\u00e3o"},"content":{"rendered":"\n<p>A Pr\u00f3-Reitoria de Gest\u00e3o de Pessoas (PROGEPE\/UFPR), por meio da Coordenadoria de Desenvolvimento de Pessoas (CDP), divulga o processo seletivo para o MBA em Privacidade e Seguran\u00e7a da Informa\u00e7\u00e3o, destinado a servidores dos \u00f3rg\u00e3os do Sistema de Administra\u00e7\u00e3o dos Recursos de Tecnologia da Informa\u00e7\u00e3o (SISP).<\/p>\n\n\n\n<p>A solicita\u00e7\u00e3o de divulga\u00e7\u00e3o foi realizada por meio do\u00a0Of\u00edcio Circular SEI n\u00ba 94\/2026\/MGI(<u><a href=\"https:\/\/sei.ufpr.br\/sei\/web\/controlador.php?acao=documento_download_anexo&amp;acao_origem=procedimento_visualizar&amp;id_anexo=4557946&amp;infra_sistema=100000100&amp;infra_unidade_atual=58&amp;infra_hash=927018cc9ce6c0641afe5973e632bdd3fa9443d1489bea3a7e5af62d8608d1e4#Of\u00edcio-Circular SEI n\u00ba 94\/2026\/MGI (%7B9210757|8512851%7D)#\" target=\"_blank\" rel=\"noreferrer noopener\">dispon\u00edvel aqui<\/a><\/u>)e tem como objetivo promover a forma\u00e7\u00e3o profissional de servidores p\u00fablicos e fortalecer a cultura de privacidade e seguran\u00e7a da informa\u00e7\u00e3o no \u00e2mbito do Poder Executivo federal.<\/p>\n\n\n\n<p>O curso \u00e9 promovido pela Secretaria de Governo Digital (SGD\/ MGI), por meio da Diretoria de Privacidade e Seguran\u00e7a da Informa\u00e7\u00e3o (DEPSI), em parceria com a Universidade de Bras\u00edlia (UnB). O MBA ter\u00e1 dura\u00e7\u00e3o de 16 meses, ser\u00e1 ofertado na modalidade a dist\u00e2ncia e abordar\u00e1 conte\u00fados te\u00f3ricos e pr\u00e1ticos relacionados \u00e0 Privacidade e Seguran\u00e7a da Informa\u00e7\u00e3o.<\/p>\n","protected":false},"excerpt":{"rendered":"<p>A Pr\u00f3-Reitoria de Gest\u00e3o de Pessoas (PROGEPE\/UFPR), por meio da Coordenadoria de Desenvolvimento de Pessoas (CDP), divulga o processo seletivo para o MBA em Privacidade e Seguran\u00e7a da Informa\u00e7\u00e3o, destinado a servidores dos \u00f3rg\u00e3os do Sistema de Administra\u00e7\u00e3o dos Recursos de Tecnologia da Informa\u00e7\u00e3o (SISP). A solicita\u00e7\u00e3o de divulga\u00e7\u00e3o foi realizada por meio do\u00a0Of\u00edcio Circular [&hellip;]<\/p>\n","protected":false},"author":58,"featured_media":78922,"comment_status":"closed","ping_status":"closed","sticky":false,"template":"","format":"standard","meta":{"_coblocks_attr":"","_coblocks_dimensions":"","_coblocks_responsive_height":"","_coblocks_accordion_ie_support":"","_uag_custom_page_level_css":"","iawp_total_views":43,"footnotes":""},"categories":[322],"tags":[],"class_list":["post-78921","post","type-post","status-publish","format-standard","has-post-thumbnail","hentry","category-noticias"],"uagb_featured_image_src":{"full":["https:\/\/progepe.ufpr.br\/capacitacao\/wp-content\/uploads\/2026\/01\/MBAbanner-e1768593457290.png",1000,300,false],"thumbnail":["https:\/\/progepe.ufpr.br\/capacitacao\/wp-content\/uploads\/2026\/01\/MBAbanner-150x150.png",150,150,true],"medium":["https:\/\/progepe.ufpr.br\/capacitacao\/wp-content\/uploads\/2026\/01\/MBAbanner-300x90.png",300,90,true],"medium_large":["https:\/\/progepe.ufpr.br\/capacitacao\/wp-content\/uploads\/2026\/01\/MBAbanner-768x230.png",768,230,true],"large":["https:\/\/progepe.ufpr.br\/capacitacao\/wp-content\/uploads\/2026\/01\/MBAbanner-1024x307.png",1024,307,true],"1536x1536":["https:\/\/progepe.ufpr.br\/capacitacao\/wp-content\/uploads\/2026\/01\/MBAbanner-1536x461.png",1536,461,true],"2048x2048":["https:\/\/progepe.ufpr.br\/capacitacao\/wp-content\/uploads\/2026\/01\/MBAbanner-2048x614.png",2048,614,true]},"uagb_author_info":{"display_name":"Lucas Oliveira","author_link":"https:\/\/progepe.ufpr.br\/capacitacao\/author\/lucasbernardo\/"},"uagb_comment_info":0,"uagb_excerpt":"A Pr\u00f3-Reitoria de Gest\u00e3o de Pessoas (PROGEPE\/UFPR), por meio da Coordenadoria de Desenvolvimento de Pessoas (CDP), divulga o processo seletivo para o MBA em Privacidade e Seguran\u00e7a da Informa\u00e7\u00e3o, destinado a servidores dos \u00f3rg\u00e3os do Sistema de Administra\u00e7\u00e3o dos Recursos de Tecnologia da Informa\u00e7\u00e3o (SISP). A solicita\u00e7\u00e3o de divulga\u00e7\u00e3o foi realizada por meio do\u00a0Of\u00edcio Circular&hellip;","publishpress_future_action":{"enabled":false,"date":"2026-05-06 04:38:07","action":"category-remove","newStatus":"draft","terms":[328],"taxonomy":"carrossel"},"publishpress_future_workflow_manual_trigger":{"enabledWorkflows":[]},"_links":{"self":[{"href":"https:\/\/progepe.ufpr.br\/capacitacao\/wp-json\/wp\/v2\/posts\/78921","targetHints":{"allow":["GET"]}}],"collection":[{"href":"https:\/\/progepe.ufpr.br\/capacitacao\/wp-json\/wp\/v2\/posts"}],"about":[{"href":"https:\/\/progepe.ufpr.br\/capacitacao\/wp-json\/wp\/v2\/types\/post"}],"author":[{"embeddable":true,"href":"https:\/\/progepe.ufpr.br\/capacitacao\/wp-json\/wp\/v2\/users\/58"}],"replies":[{"embeddable":true,"href":"https:\/\/progepe.ufpr.br\/capacitacao\/wp-json\/wp\/v2\/comments?post=78921"}],"version-history":[{"count":1,"href":"https:\/\/progepe.ufpr.br\/capacitacao\/wp-json\/wp\/v2\/posts\/78921\/revisions"}],"predecessor-version":[{"id":78923,"href":"https:\/\/progepe.ufpr.br\/capacitacao\/wp-json\/wp\/v2\/posts\/78921\/revisions\/78923"}],"wp:featuredmedia":[{"embeddable":true,"href":"https:\/\/progepe.ufpr.br\/capacitacao\/wp-json\/wp\/v2\/media\/78922"}],"wp:attachment":[{"href":"https:\/\/progepe.ufpr.br\/capacitacao\/wp-json\/wp\/v2\/media?parent=78921"}],"wp:term":[{"taxonomy":"category","embeddable":true,"href":"https:\/\/progepe.ufpr.br\/capacitacao\/wp-json\/wp\/v2\/categories?post=78921"},{"taxonomy":"post_tag","embeddable":true,"href":"https:\/\/progepe.ufpr.br\/capacitacao\/wp-json\/wp\/v2\/tags?post=78921"}],"curies":[{"name":"wp","href":"https:\/\/api.w.org\/{rel}","templated":true}]}}