{"id":78935,"date":"2026-02-11T08:24:58","date_gmt":"2026-02-11T11:24:58","guid":{"rendered":"https:\/\/progepe.ufpr.br\/capacitacao\/?p=78935"},"modified":"2026-04-13T12:29:12","modified_gmt":"2026-04-13T15:29:12","slug":"78935-2","status":"publish","type":"post","link":"https:\/\/progepe.ufpr.br\/capacitacao\/78935-2\/","title":{"rendered":"Sele\u00e7\u00e3o de instrutores para a\u00e7\u00f5es de desenvolvimento"},"content":{"rendered":"\n<p>A Pr\u00f3-reitoria de Gest\u00e3o de Pessoas (PROGEPE), por meio da Coordenadoria de Desenvolvimento de Pessoas (CDP) e da Unidade de Capacita\u00e7\u00e3o e Qualifica\u00e7\u00e3o (UCAQ), torna p\u00fablico o Edital N\u00ba03\/2026 &#8211; PROGEPE\/CDP\/UCAQ, destinado \u00e0 sele\u00e7\u00e3o de servidores(as) interessados(as) em atuar como instrutores(as) nas a\u00e7\u00f5es de desenvolvimento alinhadas ao Plano de Desenvolvimento de Pessoas (PDP) 2026 da UFPR.<\/p>\n\n\n\n<p><\/p>\n\n\n\n<p>Em caso de d\u00favidas, entre em contato com a UCAQ pelo e-mail ou Teams:&nbsp;<a href=\"mailto:ucaq@ufpr.br\">ucaq@ufpr.br<\/a>.<\/p>\n\n\n\n<ul class=\"wp-block-list\">\n<li><a href=\"https:\/\/progepe.ufpr.br\/capacitacao\/wp-content\/uploads\/2026\/02\/SEI_8580244_Edital_03_2026-1.pdf\" target=\"_blank\" rel=\"noreferrer noopener\">Edital N. 03\/2026 &#8211; PROGEPE\/CDP\/UCAQ<\/a><\/li>\n\n\n\n<li><a href=\"https:\/\/progepe.ufpr.br\/capacitacao\/wp-content\/uploads\/2026\/02\/SEI_8586828_Edital_04_2026.pdf\" target=\"_blank\" rel=\"noreferrer noopener\">Retifica\u00e7\u00e3o<\/a><\/li>\n\n\n\n<li><a href=\"https:\/\/progepe.ufpr.br\/capacitacao\/wp-content\/uploads\/2026\/02\/Anexo-I-retificado-Necessidades-de-desenvolvimento-1-1.pdf\" target=\"_blank\" rel=\"noreferrer noopener\">Anexo I<\/a><\/li>\n\n\n\n<li><a href=\"https:\/\/progepe.ufpr.br\/capacitacao\/wp-content\/uploads\/2026\/02\/Anexo-II-Projeto-pedagogico-2.pdf\" target=\"_blank\" rel=\"noreferrer noopener\">Anexo II<\/a><\/li>\n\n\n\n<li><a href=\"https:\/\/progepe.ufpr.br\/capacitacao\/wp-content\/uploads\/2026\/02\/Anexo-II-Projeto-pedagogico-2.odt\" target=\"_blank\" rel=\"noreferrer noopener\">Anexo II (edit\u00e1vel)<\/a><\/li>\n\n\n\n<li><a href=\"https:\/\/progepe.ufpr.br\/capacitacao\/wp-content\/uploads\/2026\/02\/Anexo-III-Tabela-GECC.pdf\" target=\"_blank\" rel=\"noreferrer noopener\">Anexo III<\/a><\/li>\n\n\n\n<li><a href=\"https:\/\/progepe.ufpr.br\/capacitacao\/wp-content\/uploads\/2026\/02\/SEI_8634137_Edital_05_2026.pdf\">Prorroga\u00e7\u00e3o do prazo de inscri\u00e7\u00f5es<\/a><\/li>\n\n\n\n<li><a href=\"https:\/\/progepe.ufpr.br\/capacitacao\/wp-content\/uploads\/2026\/02\/Edital-N.-06.2026.pdf\">Inscri\u00e7\u00f5es homologadas e resultado preliminar da primeira etapa<\/a><\/li>\n\n\n\n<li><a href=\"https:\/\/progepe.ufpr.br\/capacitacao\/wp-content\/uploads\/2026\/02\/SEI_8684538_Edital_07_2026-1.pdf\">An\u00e1lise de recursos e resultado da primeira etapa<\/a><\/li>\n\n\n\n<li><a href=\"https:\/\/progepe.ufpr.br\/capacitacao\/wp-content\/uploads\/2026\/02\/SEI_8700728_Edital_08_2026___PROGEPE_CDP_UCAQ.pdf\">Resultado preliminar da segunda etapa<\/a><\/li>\n\n\n\n<li><a href=\"https:\/\/progepe.ufpr.br\/capacitacao\/wp-content\/uploads\/2026\/02\/SEI_8721693_Edital_09_2026___PROGEPE_CDP_UCAQ.pdf\">Resultado final<\/a><\/li>\n<\/ul>\n\n\n\n<p><\/p>\n","protected":false},"excerpt":{"rendered":"<p>A Pr\u00f3-reitoria de Gest\u00e3o de Pessoas (PROGEPE), por meio da Coordenadoria de Desenvolvimento de Pessoas (CDP) e da Unidade de Capacita\u00e7\u00e3o e Qualifica\u00e7\u00e3o (UCAQ), torna p\u00fablico o Edital N\u00ba03\/2026 &#8211; PROGEPE\/CDP\/UCAQ, destinado \u00e0 sele\u00e7\u00e3o de servidores(as) interessados(as) em atuar como instrutores(as) nas a\u00e7\u00f5es de desenvolvimento alinhadas ao Plano de Desenvolvimento de Pessoas (PDP) 2026 da [&hellip;]<\/p>\n","protected":false},"author":59,"featured_media":78936,"comment_status":"closed","ping_status":"closed","sticky":false,"template":"","format":"standard","meta":{"_coblocks_attr":"","_coblocks_dimensions":"","_coblocks_responsive_height":"","_coblocks_accordion_ie_support":"","_uag_custom_page_level_css":"","iawp_total_views":2665,"footnotes":""},"categories":[322,325],"tags":[],"class_list":["post-78935","post","type-post","status-publish","format-standard","has-post-thumbnail","hentry","category-noticias","category-processos_seletivos"],"uagb_featured_image_src":{"full":["https:\/\/progepe.ufpr.br\/capacitacao\/wp-content\/uploads\/2026\/02\/selecao_de_instrutores_2026.png",1000,280,false],"thumbnail":["https:\/\/progepe.ufpr.br\/capacitacao\/wp-content\/uploads\/2026\/02\/selecao_de_instrutores_2026-150x150.png",150,150,true],"medium":["https:\/\/progepe.ufpr.br\/capacitacao\/wp-content\/uploads\/2026\/02\/selecao_de_instrutores_2026-300x84.png",300,84,true],"medium_large":["https:\/\/progepe.ufpr.br\/capacitacao\/wp-content\/uploads\/2026\/02\/selecao_de_instrutores_2026-768x215.png",768,215,true],"large":["https:\/\/progepe.ufpr.br\/capacitacao\/wp-content\/uploads\/2026\/02\/selecao_de_instrutores_2026.png",1000,280,false],"1536x1536":["https:\/\/progepe.ufpr.br\/capacitacao\/wp-content\/uploads\/2026\/02\/selecao_de_instrutores_2026.png",1000,280,false],"2048x2048":["https:\/\/progepe.ufpr.br\/capacitacao\/wp-content\/uploads\/2026\/02\/selecao_de_instrutores_2026.png",1000,280,false]},"uagb_author_info":{"display_name":"Silas Juan Santos Lago","author_link":"https:\/\/progepe.ufpr.br\/capacitacao\/author\/silas-lago\/"},"uagb_comment_info":0,"uagb_excerpt":"A Pr\u00f3-reitoria de Gest\u00e3o de Pessoas (PROGEPE), por meio da Coordenadoria de Desenvolvimento de Pessoas (CDP) e da Unidade de Capacita\u00e7\u00e3o e Qualifica\u00e7\u00e3o (UCAQ), torna p\u00fablico o Edital N\u00ba03\/2026 &#8211; PROGEPE\/CDP\/UCAQ, destinado \u00e0 sele\u00e7\u00e3o de servidores(as) interessados(as) em atuar como instrutores(as) nas a\u00e7\u00f5es de desenvolvimento alinhadas ao Plano de Desenvolvimento de Pessoas (PDP) 2026 da&hellip;","publishpress_future_action":{"enabled":false,"date":"2026-05-02 05:25:01","action":"category-remove","newStatus":"draft","terms":[328],"taxonomy":"carrossel"},"publishpress_future_workflow_manual_trigger":{"enabledWorkflows":[]},"_links":{"self":[{"href":"https:\/\/progepe.ufpr.br\/capacitacao\/wp-json\/wp\/v2\/posts\/78935","targetHints":{"allow":["GET"]}}],"collection":[{"href":"https:\/\/progepe.ufpr.br\/capacitacao\/wp-json\/wp\/v2\/posts"}],"about":[{"href":"https:\/\/progepe.ufpr.br\/capacitacao\/wp-json\/wp\/v2\/types\/post"}],"author":[{"embeddable":true,"href":"https:\/\/progepe.ufpr.br\/capacitacao\/wp-json\/wp\/v2\/users\/59"}],"replies":[{"embeddable":true,"href":"https:\/\/progepe.ufpr.br\/capacitacao\/wp-json\/wp\/v2\/comments?post=78935"}],"version-history":[{"count":18,"href":"https:\/\/progepe.ufpr.br\/capacitacao\/wp-json\/wp\/v2\/posts\/78935\/revisions"}],"predecessor-version":[{"id":79190,"href":"https:\/\/progepe.ufpr.br\/capacitacao\/wp-json\/wp\/v2\/posts\/78935\/revisions\/79190"}],"wp:featuredmedia":[{"embeddable":true,"href":"https:\/\/progepe.ufpr.br\/capacitacao\/wp-json\/wp\/v2\/media\/78936"}],"wp:attachment":[{"href":"https:\/\/progepe.ufpr.br\/capacitacao\/wp-json\/wp\/v2\/media?parent=78935"}],"wp:term":[{"taxonomy":"category","embeddable":true,"href":"https:\/\/progepe.ufpr.br\/capacitacao\/wp-json\/wp\/v2\/categories?post=78935"},{"taxonomy":"post_tag","embeddable":true,"href":"https:\/\/progepe.ufpr.br\/capacitacao\/wp-json\/wp\/v2\/tags?post=78935"}],"curies":[{"name":"wp","href":"https:\/\/api.w.org\/{rel}","templated":true}]}}