{"id":79009,"date":"2026-02-26T13:30:20","date_gmt":"2026-02-26T16:30:20","guid":{"rendered":"https:\/\/progepe.ufpr.br\/capacitacao\/?p=79009"},"modified":"2026-02-26T13:30:20","modified_gmt":"2026-02-26T16:30:20","slug":"progepe-promove-encontros-de-capacitacao-sobre-a-nova-ferramenta-de-avaliacao-de-estagio-probatorio","status":"publish","type":"post","link":"https:\/\/progepe.ufpr.br\/capacitacao\/progepe-promove-encontros-de-capacitacao-sobre-a-nova-ferramenta-de-avaliacao-de-estagio-probatorio\/","title":{"rendered":"PROGEPE promove encontros de capacita\u00e7\u00e3o sobre a nova ferramenta de avalia\u00e7\u00e3o de Est\u00e1gio Probat\u00f3rio"},"content":{"rendered":"\n<p>A Pr\u00f3-Reitoria de Gest\u00e3o de Pessoas (PROGEPE), por meio de sua Coordenadoria de Desenvolvimento de Pessoas (CDP), da Unidade de Capacita\u00e7\u00e3o e Qualifica\u00e7\u00e3o (UCAQ) e da Se\u00e7\u00e3o de Avalia\u00e7\u00e3o (SAV), realizar\u00e1, no m\u00eas de mar\u00e7o, encontros semanais pela plataforma&nbsp;Teams, com o objetivo de disponibilizar informa\u00e7\u00e3o e forma\u00e7\u00e3o relacionada a est\u00e1gio probat\u00f3rio para servidoras e servidores t\u00e9cnico-administrativos e docentes, incluindo esclarecimentos acerca da nova ferramenta.<\/p>\n\n\n\n<p>A participa\u00e7\u00e3o \u00e9 fundamental para&nbsp;todas(os) as(os) servidoras(es)&nbsp;<strong>nomeadas(os) a partir de 07\/02\/2025<\/strong>,&nbsp;<strong>bem como para suas respectivas chefias<\/strong>, considerando a import\u00e2ncia do correto acompanhamento e execu\u00e7\u00e3o dos procedimentos no sistema.<\/p>\n\n\n\n<p>A PROGEPE j\u00e1 encaminhou of\u00edcio aos Setores, Pr\u00f3-Reitorias, Superintend\u00eancias e \u00d3rg\u00e3os Suplementares, contendo o link de acesso aos encontros e a ementa da capacita\u00e7\u00e3o.<\/p>\n\n\n\n<p>Contamos com a participa\u00e7\u00e3o de todos(as).<\/p>\n","protected":false},"excerpt":{"rendered":"<p>A Pr\u00f3-Reitoria de Gest\u00e3o de Pessoas (PROGEPE), por meio de sua Coordenadoria de Desenvolvimento de Pessoas (CDP), da Unidade de Capacita\u00e7\u00e3o e Qualifica\u00e7\u00e3o (UCAQ) e da Se\u00e7\u00e3o de Avalia\u00e7\u00e3o (SAV), realizar\u00e1, no m\u00eas de mar\u00e7o, encontros semanais pela plataforma&nbsp;Teams, com o objetivo de disponibilizar informa\u00e7\u00e3o e forma\u00e7\u00e3o relacionada a est\u00e1gio probat\u00f3rio para servidoras e servidores [&hellip;]<\/p>\n","protected":false},"author":59,"featured_media":0,"comment_status":"closed","ping_status":"","sticky":false,"template":"","format":"standard","meta":{"_coblocks_attr":"","_coblocks_dimensions":"","_coblocks_responsive_height":"","_coblocks_accordion_ie_support":"","_uag_custom_page_level_css":"","iawp_total_views":69,"footnotes":""},"categories":[322],"tags":[],"class_list":["post-79009","post","type-post","status-publish","format-standard","hentry","category-noticias"],"uagb_featured_image_src":{"full":false,"thumbnail":false,"medium":false,"medium_large":false,"large":false,"1536x1536":false,"2048x2048":false},"uagb_author_info":{"display_name":"Silas Juan Santos Lago","author_link":"https:\/\/progepe.ufpr.br\/capacitacao\/author\/silas-lago\/"},"uagb_comment_info":0,"uagb_excerpt":"A Pr\u00f3-Reitoria de Gest\u00e3o de Pessoas (PROGEPE), por meio de sua Coordenadoria de Desenvolvimento de Pessoas (CDP), da Unidade de Capacita\u00e7\u00e3o e Qualifica\u00e7\u00e3o (UCAQ) e da Se\u00e7\u00e3o de Avalia\u00e7\u00e3o (SAV), realizar\u00e1, no m\u00eas de mar\u00e7o, encontros semanais pela plataforma&nbsp;Teams, com o objetivo de disponibilizar informa\u00e7\u00e3o e forma\u00e7\u00e3o relacionada a est\u00e1gio probat\u00f3rio para servidoras e servidores&hellip;","publishpress_future_action":{"enabled":false,"date":"2026-05-07 01:26:11","action":"category-remove","newStatus":"draft","terms":[328],"taxonomy":"carrossel"},"publishpress_future_workflow_manual_trigger":{"enabledWorkflows":[]},"_links":{"self":[{"href":"https:\/\/progepe.ufpr.br\/capacitacao\/wp-json\/wp\/v2\/posts\/79009","targetHints":{"allow":["GET"]}}],"collection":[{"href":"https:\/\/progepe.ufpr.br\/capacitacao\/wp-json\/wp\/v2\/posts"}],"about":[{"href":"https:\/\/progepe.ufpr.br\/capacitacao\/wp-json\/wp\/v2\/types\/post"}],"author":[{"embeddable":true,"href":"https:\/\/progepe.ufpr.br\/capacitacao\/wp-json\/wp\/v2\/users\/59"}],"replies":[{"embeddable":true,"href":"https:\/\/progepe.ufpr.br\/capacitacao\/wp-json\/wp\/v2\/comments?post=79009"}],"version-history":[{"count":1,"href":"https:\/\/progepe.ufpr.br\/capacitacao\/wp-json\/wp\/v2\/posts\/79009\/revisions"}],"predecessor-version":[{"id":79011,"href":"https:\/\/progepe.ufpr.br\/capacitacao\/wp-json\/wp\/v2\/posts\/79009\/revisions\/79011"}],"wp:attachment":[{"href":"https:\/\/progepe.ufpr.br\/capacitacao\/wp-json\/wp\/v2\/media?parent=79009"}],"wp:term":[{"taxonomy":"category","embeddable":true,"href":"https:\/\/progepe.ufpr.br\/capacitacao\/wp-json\/wp\/v2\/categories?post=79009"},{"taxonomy":"post_tag","embeddable":true,"href":"https:\/\/progepe.ufpr.br\/capacitacao\/wp-json\/wp\/v2\/tags?post=79009"}],"curies":[{"name":"wp","href":"https:\/\/api.w.org\/{rel}","templated":true}]}}