{"id":79075,"date":"2026-03-12T16:16:06","date_gmt":"2026-03-12T19:16:06","guid":{"rendered":"https:\/\/progepe.ufpr.br\/capacitacao\/?p=79075"},"modified":"2026-03-27T11:58:28","modified_gmt":"2026-03-27T14:58:28","slug":"defesa-pessoal-para-mulheres-atividade-pratica","status":"publish","type":"post","link":"https:\/\/progepe.ufpr.br\/capacitacao\/defesa-pessoal-para-mulheres-atividade-pratica\/","title":{"rendered":"Defesa Pessoal para Mulheres &#8211; Atividade Pr\u00e1tica"},"content":{"rendered":"\n<p>Em alus\u00e3o ao m\u00eas das mulheres e atendendo \u00e0s solicita\u00e7\u00f5es das servidoras participantes da XXVI Semana do Servidor, divulgamos a continuidade da a\u00e7\u00e3o \u201cDefesa Pessoal para Mulheres\u201d.<\/p>\n\n\n\n<p>O encontro tem como objetivo apresentar, de forma pr\u00e1tica, t\u00e9cnicas para situa\u00e7\u00f5es de risco, a fim de fortalecer a autonomia e a confian\u00e7a das participantes.<\/p>\n\n\n\n<p><strong>Vagas: <\/strong>25, preenchidas por ordem de inscri\u00e7\u00e3o.<\/p>\n\n\n\n<p><strong>P\u00fablico alvo<\/strong>: servidoras docentes e TAEs do quadro ativo e permanente da UFPR<\/p>\n\n\n\n<p><strong>Modalidade<\/strong>: presencial<\/p>\n\n\n\n<p><strong>Realiza\u00e7\u00e3o: <\/strong>24\/03\/2026<\/p>\n\n\n\n<p><strong>Ministrante: <\/strong>Cabo Carlos Eduardo &#8211; PMPR<\/p>\n\n\n\n<p><strong>Dia e hor\u00e1rio<\/strong>: Ter\u00e7a-feira, das 14h \u00e0s 17h30<\/p>\n\n\n\n<p><strong>Local<\/strong>: Quartel do Comando-Geral da PMPR.<\/p>\n\n\n\n<p><a><\/a><strong>Inscri\u00e7\u00f5es<\/strong>: 16 a 19\/03\/2026 &#8211; <a rel=\"noreferrer noopener\" target=\"_blank\" href=\"https:\/\/doity.com.br\/defesa-pessoal-para-mulheres--aula-pratica#ver-no-mapa\">Formul\u00e1rio de inscri\u00e7\u00e3o<\/a><\/p>\n\n\n\n<div class=\"wp-block-group has-global-padding is-layout-constrained wp-block-group-is-layout-constrained\">\n<div class=\"wp-block-group alignwide is-horizontal is-content-justification-left is-layout-flex wp-container-core-group-is-layout-1 wp-block-group-is-layout-flex\" style=\"padding-top:var(--wp--preset--spacing--40)\">\n<p class=\"has-text-align-left has-primary-color has-text-color has-link-color wp-elements-514260270be92cb152a895598b699572\" style=\"font-size:13px\"><em>* Esta atividade integra o Ciclo de Valoriza\u00e7\u00e3o do Servidor da UFPR 2026, proposta da\u00a0Pr\u00f3-Reitoria\u00a0de Gest\u00e3o de Pessoas que re\u00fane a\u00e7\u00f5es\u00a0formativas e iniciativas de valoriza\u00e7\u00e3o realizadas ao longo do ano como forma de celebra\u00e7\u00e3o dos servidores. 28 de outubro \u00e9 o dia. A valoriza\u00e7\u00e3o acontece o ano todo.<\/em><\/p>\n<\/div>\n<\/div>\n\n\n\n<p><\/p>\n","protected":false},"excerpt":{"rendered":"<p>Em alus\u00e3o ao m\u00eas das mulheres e atendendo \u00e0s solicita\u00e7\u00f5es das servidoras participantes da XXVI Semana do Servidor, divulgamos a continuidade da a\u00e7\u00e3o \u201cDefesa Pessoal para Mulheres\u201d. O encontro tem como objetivo apresentar, de forma pr\u00e1tica, t\u00e9cnicas para situa\u00e7\u00f5es de risco, a fim de fortalecer a autonomia e a confian\u00e7a das participantes. Vagas: 25, preenchidas [&hellip;]<\/p>\n","protected":false},"author":58,"featured_media":79078,"comment_status":"closed","ping_status":"closed","sticky":false,"template":"","format":"standard","meta":{"_coblocks_attr":"","_coblocks_dimensions":"","_coblocks_responsive_height":"","_coblocks_accordion_ie_support":"","_uag_custom_page_level_css":"","iawp_total_views":15,"footnotes":""},"categories":[322],"tags":[],"class_list":["post-79075","post","type-post","status-publish","format-standard","has-post-thumbnail","hentry","category-noticias"],"uagb_featured_image_src":{"full":["https:\/\/progepe.ufpr.br\/capacitacao\/wp-content\/uploads\/2026\/03\/Banners_defesaPessoal.png",1000,280,false],"thumbnail":["https:\/\/progepe.ufpr.br\/capacitacao\/wp-content\/uploads\/2026\/03\/Banners_defesaPessoal-150x150.png",150,150,true],"medium":["https:\/\/progepe.ufpr.br\/capacitacao\/wp-content\/uploads\/2026\/03\/Banners_defesaPessoal-300x84.png",300,84,true],"medium_large":["https:\/\/progepe.ufpr.br\/capacitacao\/wp-content\/uploads\/2026\/03\/Banners_defesaPessoal-768x215.png",768,215,true],"large":["https:\/\/progepe.ufpr.br\/capacitacao\/wp-content\/uploads\/2026\/03\/Banners_defesaPessoal.png",1000,280,false],"1536x1536":["https:\/\/progepe.ufpr.br\/capacitacao\/wp-content\/uploads\/2026\/03\/Banners_defesaPessoal.png",1000,280,false],"2048x2048":["https:\/\/progepe.ufpr.br\/capacitacao\/wp-content\/uploads\/2026\/03\/Banners_defesaPessoal.png",1000,280,false]},"uagb_author_info":{"display_name":"Lucas Oliveira","author_link":"https:\/\/progepe.ufpr.br\/capacitacao\/author\/lucasbernardo\/"},"uagb_comment_info":0,"uagb_excerpt":"Em alus\u00e3o ao m\u00eas das mulheres e atendendo \u00e0s solicita\u00e7\u00f5es das servidoras participantes da XXVI Semana do Servidor, divulgamos a continuidade da a\u00e7\u00e3o \u201cDefesa Pessoal para Mulheres\u201d. O encontro tem como objetivo apresentar, de forma pr\u00e1tica, t\u00e9cnicas para situa\u00e7\u00f5es de risco, a fim de fortalecer a autonomia e a confian\u00e7a das participantes. Vagas: 25, preenchidas&hellip;","publishpress_future_action":{"enabled":false,"date":"2026-05-03 22:09:48","action":"category-remove","newStatus":"draft","terms":[328],"taxonomy":"carrossel"},"publishpress_future_workflow_manual_trigger":{"enabledWorkflows":[]},"_links":{"self":[{"href":"https:\/\/progepe.ufpr.br\/capacitacao\/wp-json\/wp\/v2\/posts\/79075","targetHints":{"allow":["GET"]}}],"collection":[{"href":"https:\/\/progepe.ufpr.br\/capacitacao\/wp-json\/wp\/v2\/posts"}],"about":[{"href":"https:\/\/progepe.ufpr.br\/capacitacao\/wp-json\/wp\/v2\/types\/post"}],"author":[{"embeddable":true,"href":"https:\/\/progepe.ufpr.br\/capacitacao\/wp-json\/wp\/v2\/users\/58"}],"replies":[{"embeddable":true,"href":"https:\/\/progepe.ufpr.br\/capacitacao\/wp-json\/wp\/v2\/comments?post=79075"}],"version-history":[{"count":2,"href":"https:\/\/progepe.ufpr.br\/capacitacao\/wp-json\/wp\/v2\/posts\/79075\/revisions"}],"predecessor-version":[{"id":79077,"href":"https:\/\/progepe.ufpr.br\/capacitacao\/wp-json\/wp\/v2\/posts\/79075\/revisions\/79077"}],"wp:featuredmedia":[{"embeddable":true,"href":"https:\/\/progepe.ufpr.br\/capacitacao\/wp-json\/wp\/v2\/media\/79078"}],"wp:attachment":[{"href":"https:\/\/progepe.ufpr.br\/capacitacao\/wp-json\/wp\/v2\/media?parent=79075"}],"wp:term":[{"taxonomy":"category","embeddable":true,"href":"https:\/\/progepe.ufpr.br\/capacitacao\/wp-json\/wp\/v2\/categories?post=79075"},{"taxonomy":"post_tag","embeddable":true,"href":"https:\/\/progepe.ufpr.br\/capacitacao\/wp-json\/wp\/v2\/tags?post=79075"}],"curies":[{"name":"wp","href":"https:\/\/api.w.org\/{rel}","templated":true}]}}