{"id":79220,"date":"2026-04-13T12:27:39","date_gmt":"2026-04-13T15:27:39","guid":{"rendered":"https:\/\/progepe.ufpr.br\/capacitacao\/?p=79220"},"modified":"2026-04-13T12:27:40","modified_gmt":"2026-04-13T15:27:40","slug":"renovacao-do-acordo-de-parceria-com-o-celin-para-os-anos-de-2026-e-2027","status":"publish","type":"post","link":"https:\/\/progepe.ufpr.br\/capacitacao\/renovacao-do-acordo-de-parceria-com-o-celin-para-os-anos-de-2026-e-2027\/","title":{"rendered":"Renova\u00e7\u00e3o do acordo de parceria com o Celin para os anos de 2026 e 2027"},"content":{"rendered":"\n<p>A Pr\u00f3-reitoria de Gest\u00e3o de Pessoas (PROGEPE), por meio da Coordenadoria de Desenvolvimento de Pessoas (CDP) e da Unidade de Capacita\u00e7\u00e3o e Qualifica\u00e7\u00e3o(UCAQ), comunica a todos os servidores a renova\u00e7\u00e3o do acordo de parceria com o Celin para os anos de 2026 e 2027.<\/p>\n\n\n\n<p>Neste primeiro semestre, 88 servidores est\u00e3o matriculados nos cursos de idiomas &#8211; Espanhol, Franc\u00eas e Ingl\u00eas &#8211; com custeio integral pela PROGEPE.<\/p>\n\n\n\n<p>A iniciativa refor\u00e7a o compromisso da Pr\u00f3-reitoria com o desenvolvimento dos servidores.<\/p>\n\n\n\n<p><\/p>\n","protected":false},"excerpt":{"rendered":"<p>A Pr\u00f3-reitoria de Gest\u00e3o de Pessoas (PROGEPE), por meio da Coordenadoria de Desenvolvimento de Pessoas (CDP) e da Unidade de Capacita\u00e7\u00e3o e Qualifica\u00e7\u00e3o(UCAQ), comunica a todos os servidores a renova\u00e7\u00e3o do acordo de parceria com o Celin para os anos de 2026 e 2027. Neste primeiro semestre, 88 servidores est\u00e3o matriculados nos cursos de idiomas [&hellip;]<\/p>\n","protected":false},"author":58,"featured_media":0,"comment_status":"closed","ping_status":"closed","sticky":false,"template":"","format":"standard","meta":{"_coblocks_attr":"","_coblocks_dimensions":"","_coblocks_responsive_height":"","_coblocks_accordion_ie_support":"","_uag_custom_page_level_css":"","iawp_total_views":7,"footnotes":""},"categories":[322],"tags":[],"class_list":["post-79220","post","type-post","status-publish","format-standard","hentry","category-noticias"],"uagb_featured_image_src":{"full":false,"thumbnail":false,"medium":false,"medium_large":false,"large":false,"1536x1536":false,"2048x2048":false},"uagb_author_info":{"display_name":"Lucas Oliveira","author_link":"https:\/\/progepe.ufpr.br\/capacitacao\/author\/lucasbernardo\/"},"uagb_comment_info":0,"uagb_excerpt":"A Pr\u00f3-reitoria de Gest\u00e3o de Pessoas (PROGEPE), por meio da Coordenadoria de Desenvolvimento de Pessoas (CDP) e da Unidade de Capacita\u00e7\u00e3o e Qualifica\u00e7\u00e3o(UCAQ), comunica a todos os servidores a renova\u00e7\u00e3o do acordo de parceria com o Celin para os anos de 2026 e 2027. Neste primeiro semestre, 88 servidores est\u00e3o matriculados nos cursos de idiomas&hellip;","publishpress_future_action":{"enabled":false,"date":"2026-05-03 22:07:02","action":"category-remove","newStatus":"draft","terms":[328],"taxonomy":"carrossel"},"publishpress_future_workflow_manual_trigger":{"enabledWorkflows":[]},"_links":{"self":[{"href":"https:\/\/progepe.ufpr.br\/capacitacao\/wp-json\/wp\/v2\/posts\/79220","targetHints":{"allow":["GET"]}}],"collection":[{"href":"https:\/\/progepe.ufpr.br\/capacitacao\/wp-json\/wp\/v2\/posts"}],"about":[{"href":"https:\/\/progepe.ufpr.br\/capacitacao\/wp-json\/wp\/v2\/types\/post"}],"author":[{"embeddable":true,"href":"https:\/\/progepe.ufpr.br\/capacitacao\/wp-json\/wp\/v2\/users\/58"}],"replies":[{"embeddable":true,"href":"https:\/\/progepe.ufpr.br\/capacitacao\/wp-json\/wp\/v2\/comments?post=79220"}],"version-history":[{"count":1,"href":"https:\/\/progepe.ufpr.br\/capacitacao\/wp-json\/wp\/v2\/posts\/79220\/revisions"}],"predecessor-version":[{"id":79221,"href":"https:\/\/progepe.ufpr.br\/capacitacao\/wp-json\/wp\/v2\/posts\/79220\/revisions\/79221"}],"wp:attachment":[{"href":"https:\/\/progepe.ufpr.br\/capacitacao\/wp-json\/wp\/v2\/media?parent=79220"}],"wp:term":[{"taxonomy":"category","embeddable":true,"href":"https:\/\/progepe.ufpr.br\/capacitacao\/wp-json\/wp\/v2\/categories?post=79220"},{"taxonomy":"post_tag","embeddable":true,"href":"https:\/\/progepe.ufpr.br\/capacitacao\/wp-json\/wp\/v2\/tags?post=79220"}],"curies":[{"name":"wp","href":"https:\/\/api.w.org\/{rel}","templated":true}]}}