{"id":77039,"date":"2025-12-19T16:56:26","date_gmt":"2025-12-19T19:56:26","guid":{"rendered":"https:\/\/progepe.ufpr.br\/catalogodeservicos\/?p=77039"},"modified":"2026-01-07T15:31:04","modified_gmt":"2026-01-07T18:31:04","slug":"perfil-profissiografico-previdenciario-e-declaracao-de-tempo-de-atividade-especial-para-ex-servidor","status":"publish","type":"post","link":"https:\/\/progepe.ufpr.br\/catalogodeservicos\/perfil-profissiografico-previdenciario-e-declaracao-de-tempo-de-atividade-especial-para-ex-servidor\/","title":{"rendered":"Perfil profissiogr\u00e1fico previdenci\u00e1rio e declara\u00e7\u00e3o de tempo de atividade especial para ex-servidor"},"content":{"rendered":"\n<h4 class=\"wp-block-heading\"><strong>Do que se trata o processo?<\/strong><\/h4>\n\n\n\n<p>A solicita\u00e7\u00e3o tem como objetivo a emiss\u00e3o dos documentos &#8220;Perfil Profissiogr\u00e1fico Previdenci\u00e1rio&#8221; e &#8220;Declara\u00e7\u00e3o de Tempo de Avidade Especial&#8221;, essenciais para instruir requerimento de contagem de tempo de servi\u00e7o na UFPR com a finalidade de:<\/p>\n\n\n\n<ul class=\"wp-block-list\">\n<li>Convers\u00e3o de tempo de servi\u00e7o exercido na UFPR sob condi\u00e7\u00f5es especiais em tempo comum, nos termos do <a href=\"https:\/\/portal.stf.jus.br\/jurisprudenciaRepercussao\/verAndamentoProcesso.asp?incidente=5101075&amp;numeroProcesso=1014286&amp;classeProcesso=RE&amp;numeroTema=942\" data-type=\"link\" data-id=\"https:\/\/portal.stf.jus.br\/jurisprudenciaRepercussao\/verAndamentoProcesso.asp?incidente=5101075&amp;numeroProcesso=1014286&amp;classeProcesso=RE&amp;numeroTema=942\" target=\"_blank\" rel=\"noreferrer noopener\">Tema de ampla discuss\u00e3o do STF n\u00ba 942<\/a> (<a href=\"https:\/\/jurisprudencia.stf.jus.br\/pages\/search\/seq-sumula784\/false\" data-type=\"link\" data-id=\"https:\/\/jurisprudencia.stf.jus.br\/pages\/search\/seq-sumula784\/false\" target=\"_blank\" rel=\"noreferrer noopener\">S\u00famula vinculante 33<\/a>).<\/li>\n\n\n\n<li>Possibilidade de aposentadoria especial\/abono de perman\u00eancia concedida ao servidor p\u00fablico se este contar com 86 pontos (sendo cada ano um ponto, somando-se tempo de servi\u00e7o em condi\u00e7\u00f5es especiais e idade), com base no <a href=\"https:\/\/www.planalto.gov.br\/ccivil_03\/Constituicao\/Emendas\/Emc\/emc103.htm#art21\" data-type=\"link\" data-id=\"https:\/\/www.planalto.gov.br\/ccivil_03\/Constituicao\/Emendas\/Emc\/emc103.htm#art21\" target=\"_blank\" rel=\"noreferrer noopener\">Artigo 21, Inciso III da Emenda Constucional n\u00ba 103\/2019<\/a>.<\/li>\n<\/ul>\n\n\n\n<div style=\"height:0.33em\" aria-hidden=\"true\" class=\"wp-block-spacer\"><\/div>\n\n\n\n<p class=\"is-style-warning\"><strong>\u2757 REQUISITO<\/strong><br><br>Ter trabalhado sob condi\u00e7\u00f5es especiais por exposi\u00e7\u00e3o a agentes qu\u00edmicos, f\u00edsicos, biol\u00f3gicos ou associa\u00e7\u00e3o destes.<\/p>\n\n\n\n<div style=\"height:1em\" aria-hidden=\"true\" class=\"wp-block-spacer\"><\/div>\n\n\n\n<h4 class=\"wp-block-heading\"><strong>Quais documentos gerar no SEI e por quem assinar?<\/strong><\/h4>\n\n\n\n<ul class=\"wp-block-list\">\n<li>Deve-se abrir um processo do tipo: \u201c<strong>PROGEPE: Solicita\u00e7\u00e3o de Perfil Profissiogr\u00e1fico Previdenci\u00e1rio e Declara\u00e7\u00e3o de Tempo de Avidade Especial<\/strong>\u201c.<\/li>\n\n\n\n<li>Deve-se preencher o formul\u00e1rio \u201c<strong>PROGEPE: Solicita\u00e7\u00e3o de Perfil Profissiogr\u00e1fico Previdenci\u00e1rio e Declara\u00e7\u00e3o de Tempo de Avidade Especial<\/strong>\u201d.<\/li>\n\n\n\n<li>Deve assinar: o(a)&nbsp;<strong>INTERESSADO(A)<\/strong>.<\/li>\n<\/ul>\n\n\n\n<h4 class=\"wp-block-heading\"><strong>Quais documentos externos anexar?<\/strong><\/h4>\n\n\n\n<ul class=\"wp-block-list\">\n<li>Para servidor(a) que ingressou na UFPR antes de 12\/12\/1990, digitalizar e anexar tamb\u00e9m c\u00f3pia autenticada da Carteira de Trabalho, onde conste a idenfica\u00e7\u00e3o do(a) requerente, o contrato de trabalho e as anota\u00e7\u00f5es gerais ou o Contrato de Trabalho.<\/li>\n<\/ul>\n\n\n\n<h4 class=\"wp-block-heading\"><strong>Aten\u00e7\u00e3o!<\/strong><\/h4>\n\n\n\n<p>Se voc\u00ea j\u00e1 solicitou o PPP na\u00a0<strong>CAS<\/strong>, verificar o e-mail informado no formul\u00e1rio de PPP. Um link com acesso externo ser\u00e1 enviado por e-mail para acompanhamento integral do processo em andamento.<\/p>\n\n\n\n<h4 class=\"wp-block-heading\"><strong>Formul\u00e1rios<\/strong><\/h4>\n\n\n\n<div class=\"wp-block-file\"><a id=\"wp-block-file--media-f9d86d6a-6edf-49c0-8afc-d6c89756aa52\" href=\"https:\/\/progepe.ufpr.br\/catalogodeservicos\/wp-content\/uploads\/2025\/12\/PERFIL_PROFISSIOGRAFICO_PREVIDENCIARIO__PARA_EX_SERVIDOR.pdf\">Perfil profissiogr\u00e1fico previdenci\u00e1rio para ex-servidor.pdf<\/a><a href=\"https:\/\/progepe.ufpr.br\/catalogodeservicos\/wp-content\/uploads\/2025\/12\/PERFIL_PROFISSIOGRAFICO_PREVIDENCIARIO__PARA_EX_SERVIDOR.pdf\" class=\"wp-block-file__button wp-element-button\" download aria-describedby=\"wp-block-file--media-f9d86d6a-6edf-49c0-8afc-d6c89756aa52\">Baixar<\/a><\/div>\n\n\n\n<div style=\"height:0.33em\" aria-hidden=\"true\" class=\"wp-block-spacer\"><\/div>\n\n\n\n<p class=\"is-style-info coblocks-alert-paragraph\">\u2139\ufe0f\u3164Enviar o processo para&nbsp;<strong>PROGEPE\/DAP\/URFC &#8211; Unidade de Registros Funcionais e Cadastrais<\/strong>.<\/p>\n","protected":false},"excerpt":{"rendered":"<p>Do que se trata o processo? A solicita\u00e7\u00e3o tem como objetivo a emiss\u00e3o dos documentos &#8220;Perfil Profissiogr\u00e1fico Previdenci\u00e1rio&#8221; e &#8220;Declara\u00e7\u00e3o de Tempo de Avidade Especial&#8221;, essenciais para instruir requerimento de contagem de tempo de servi\u00e7o na UFPR com a finalidade de: \u2757 REQUISITO Ter trabalhado sob condi\u00e7\u00f5es especiais por exposi\u00e7\u00e3o a agentes qu\u00edmicos, f\u00edsicos, biol\u00f3gicos [&hellip;]<\/p>\n","protected":false},"author":56,"featured_media":76402,"comment_status":"closed","ping_status":"closed","sticky":false,"template":"","format":"standard","meta":{"footnotes":""},"categories":[312],"tags":[283],"unidade_relacionada":[261],"class_list":["post-77039","post","type-post","status-publish","format-standard","has-post-thumbnail","hentry","category-cas","tag-dados-funcionais","unidade_relacionada-ust"],"_links":{"self":[{"href":"https:\/\/progepe.ufpr.br\/catalogodeservicos\/wp-json\/wp\/v2\/posts\/77039","targetHints":{"allow":["GET"]}}],"collection":[{"href":"https:\/\/progepe.ufpr.br\/catalogodeservicos\/wp-json\/wp\/v2\/posts"}],"about":[{"href":"https:\/\/progepe.ufpr.br\/catalogodeservicos\/wp-json\/wp\/v2\/types\/post"}],"author":[{"embeddable":true,"href":"https:\/\/progepe.ufpr.br\/catalogodeservicos\/wp-json\/wp\/v2\/users\/56"}],"replies":[{"embeddable":true,"href":"https:\/\/progepe.ufpr.br\/catalogodeservicos\/wp-json\/wp\/v2\/comments?post=77039"}],"version-history":[{"count":4,"href":"https:\/\/progepe.ufpr.br\/catalogodeservicos\/wp-json\/wp\/v2\/posts\/77039\/revisions"}],"predecessor-version":[{"id":77080,"href":"https:\/\/progepe.ufpr.br\/catalogodeservicos\/wp-json\/wp\/v2\/posts\/77039\/revisions\/77080"}],"wp:featuredmedia":[{"embeddable":true,"href":"https:\/\/progepe.ufpr.br\/catalogodeservicos\/wp-json\/wp\/v2\/media\/76402"}],"wp:attachment":[{"href":"https:\/\/progepe.ufpr.br\/catalogodeservicos\/wp-json\/wp\/v2\/media?parent=77039"}],"wp:term":[{"taxonomy":"category","embeddable":true,"href":"https:\/\/progepe.ufpr.br\/catalogodeservicos\/wp-json\/wp\/v2\/categories?post=77039"},{"taxonomy":"post_tag","embeddable":true,"href":"https:\/\/progepe.ufpr.br\/catalogodeservicos\/wp-json\/wp\/v2\/tags?post=77039"},{"taxonomy":"unidade_relacionada","embeddable":true,"href":"https:\/\/progepe.ufpr.br\/catalogodeservicos\/wp-json\/wp\/v2\/unidade_relacionada?post=77039"}],"curies":[{"name":"wp","href":"https:\/\/api.w.org\/{rel}","templated":true}]}}