{"id":100808,"date":"2015-10-20T10:26:00","date_gmt":"2015-10-20T12:26:00","guid":{"rendered":"http:\/\/progepe.ufpr.br\/portarias\/progepe-2015-13681\/"},"modified":"2023-08-03T12:05:59","modified_gmt":"2023-08-03T15:05:59","slug":"progepe-2015-13681","status":"publish","type":"post","link":"https:\/\/progepe.ufpr.br\/portarias\/progepe-2015-13681\/","title":{"rendered":"PORTARIA N\u00ba 13681\/PROGEPE, DE 20 DE OUTUBRO DE 2015"},"content":{"rendered":"\n<p>A Pr\u00f3-Reitora de Gest\u00e3o de Pessoas da Universidade Federal do Paran\u00e1, no uso de suas atribui\u00e7\u00f5es, tendo em vista a compet\u00eancia que lhe \u00e9 conferida pela Portaria n\u00ba 2.590, de 26 de setembro de 1997, de acordo com os Artigos 11 e 12 da Lei n\u00ba 11.091\/05; os Anexos II e III do Decreto n\u00ba 5.824\/06 e o Anexo XV da Lei n\u00ba 11.784\/08; Lei n\u00ba 12.772\/12; e, o que consta no processo n\u00ba 084203\/2015-67,<\/p>\n\n\n<p><strong>RESOLVE:<\/strong><\/p>\n\n\n<p>Conceder o Incentivo \u00e0 Qualifica\u00e7\u00e3o no percentual de 15 (quinze) por cento, a partir de 01 de julho de 2015, ao servidor EDEM SILVA GROCHENTZ JUNIOR \u2013 204756, ocupante do cargo Assistente em Administra\u00e7\u00e3o, lotado no Setor de Ci\u00eancias Sociais Aplicadas, tendo em vista ter apresentado diploma de curso superior de Tecnologia em Processamento de Dados, emitido pelo Instituto de Ci\u00eancias Sociais do Paran\u00e1.<\/p><p><\/p>\n\n\n<div style=\"height:15px\" aria-hidden=\"true\" class=\"wp-block-spacer\"><\/div>\n\n\n<div class=\"wp-block-buttons is-content-justification-right is-layout-flex wp-container-core-buttons-is-layout-1 wp-block-buttons-is-layout-flex\">\n<div class=\"wp-block-button has-custom-font-size is-style-outline has-small-font-size is-style-outline--1\"><a class=\"wp-block-button__link\" href=\"https:\/\/progepe.ufpr.br\/portarias\/wp-content\/uploads\/pcp\/PROGEPE\/2015\/13681PR.pdf\" style=\"border-radius:0px\" target=\"_blank\" rel=\"noreferrer noopener\">Acesse o arquivo da portaria<\/a><\/div><\/div>\n","protected":false},"excerpt":{"rendered":"<p>Conceder o Incentivo \u00e0 Qualifica\u00e7\u00e3o no percentual de 15 (quinze) por cento, a partir de 01 de julho de 2015, ao servidor EDEM SILVA GROCHENTZ JUNIOR \u2013 204756, ocupante do cargo Assistente em Administra\u00e7\u00e3o, lotado no Setor de Ci\u00eancias Sociais Aplicadas, tendo em vista ter apresentado diploma de curso superior de Tecnologia em Processamento de Dados, emitido pelo Instituto de Ci\u00eancias Sociais do Paran\u00e1.  {&#8220;height&#8221;:&#8221;15px&#8221;} <\/p>\n<div style=\"height:15px\" aria-hidden=\"true\" class=\"wp-block-spacer\"> <!-- \/wp:spacer  {\"layout\":{\"type\":\"flex\",\"justifyContent\":\"right\"}} \n\n<div class=\"wp-block-buttons\"><!-- wp:button {\"style\":{\"border\":{\"radius\":\"0px\"}},\"className\":\"is-style-outline\",\"fontSize\":\"small\"} \n\n<div class=\"wp-block-button has-custom-font-size is-style-outline has-small-font-size\"><a class=\"wp-block-button__link\" href=\"https:\/\/progepe.ufpr.br\/portarias\/wp-content\/uploads\/pcp\/PROGEPE\/2015\/13681PR.pdf\" style=\"border-radius:0px\" target=\"_blank\" rel=\"noreferrer noopener\">Acesse o arquivo da portar\n<\/p>\n","protected":false},"author":41,"featured_media":0,"comment_status":"closed","ping_status":"open","sticky":false,"template":"wp-custom-template-emissao-entre-01-05-2004-ate-30-06-2017","format":"standard","meta":{"_acf_changed":false,"iawp_total_views":0,"footnotes":""},"categories":[116],"tags":[142],"class_list":["post-100808","post","type-post","status-publish","format-standard","hentry","category-progepe","tag-incentivo-qualificacao"],"acf":[],"_links":{"self":[{"href":"https:\/\/progepe.ufpr.br\/portarias\/wp-json\/wp\/v2\/posts\/100808","targetHints":{"allow":["GET"]}}],"collection":[{"href":"https:\/\/progepe.ufpr.br\/portarias\/wp-json\/wp\/v2\/posts"}],"about":[{"href":"https:\/\/progepe.ufpr.br\/portarias\/wp-json\/wp\/v2\/types\/post"}],"author":[{"embeddable":true,"href":"https:\/\/progepe.ufpr.br\/portarias\/wp-json\/wp\/v2\/users\/41"}],"replies":[{"embeddable":true,"href":"https:\/\/progepe.ufpr.br\/portarias\/wp-json\/wp\/v2\/comments?post=100808"}],"version-history":[{"count":1,"href":"https:\/\/progepe.ufpr.br\/portarias\/wp-json\/wp\/v2\/posts\/100808\/revisions"}],"predecessor-version":[{"id":122314,"href":"https:\/\/progepe.ufpr.br\/portarias\/wp-json\/wp\/v2\/posts\/100808\/revisions\/122314"}],"wp:attachment":[{"href":"https:\/\/progepe.ufpr.br\/portarias\/wp-json\/wp\/v2\/media?parent=100808"}],"wp:term":[{"taxonomy":"category","embeddable":true,"href":"https:\/\/progepe.ufpr.br\/portarias\/wp-json\/wp\/v2\/categories?post=100808"},{"taxonomy":"post_tag","embeddable":true,"href":"https:\/\/progepe.ufpr.br\/portarias\/wp-json\/wp\/v2\/tags?post=100808"}],"curies":[{"name":"wp","href":"https:\/\/api.w.org\/{rel}","templated":true}]}}