{"id":103209,"date":"2014-09-18T05:00:00","date_gmt":"2014-09-18T08:00:00","guid":{"rendered":"http:\/\/progepe.ufpr.br\/portarias\/rt-2014-01281\/"},"modified":"2023-07-31T16:52:05","modified_gmt":"2023-07-31T19:52:05","slug":"rt-2014-01281","status":"publish","type":"post","link":"https:\/\/progepe.ufpr.br\/portarias\/rt-2014-01281\/","title":{"rendered":"PORTARIA N\u00ba 01281\/REITORIA, DE 18 DE SETEMBRO DE 2014"},"content":{"rendered":"\n<p>O Vice-Reitor da Universidade Federal do Paran\u00e1, no exerc\u00edcio do cargo de Reitor, no uso de suas atribui\u00e7\u00f5es e tendo em vista o que consta no processo n\u00ba 039607\/2014-15,<\/p>\n\n\n<p><strong>RESOLVE:<\/strong><\/p>\n\n\n<p>I. Designar para compor a Comiss\u00e3o para o Acompanhamento da Execu\u00e7\u00e3o Or\u00e7ament\u00e1ria 2014, os seguintes membros: Presidente: MARCOS SFAIR SUNYE &#8211; 148709 Membros: ANA PAULA MUSSI SZABO CHEROBIM \u2013 136611 LUIZ ANTONIO PASSOS CARDOSO \u2013 121843 ELISANDRO PIRES FRIGO &#8211; 202325 LUIZ CLAUDIO FERNANDES \u2013 201911 DANIEL KELLER MITTELBACH \u2013 201972 MARIO SERGIO FERREIRA DE SOUZA &#8211; CUT LUCIA REGINA ASSUMPCAO MONTANHINI \u2013 105902 ALVARO PEREIRA DE SOUZA &#8211; 91944 CLAUDETE REGGIANI \u2013 100161 LAWRENCE ESTIVALET DE MELLO II. Esta Portaria cessa os efeitos da Portaria n\u00ba478\/REITOR, de 12 de julho de 2013.<\/p><p><\/p>\n\n\n<div style=\"height:15px\" aria-hidden=\"true\" class=\"wp-block-spacer\"><\/div>\n\n\n<div class=\"wp-block-buttons is-content-justification-right is-layout-flex wp-container-core-buttons-is-layout-1 wp-block-buttons-is-layout-flex\">\n<div class=\"wp-block-button has-custom-font-size is-style-outline has-small-font-size is-style-outline--1\"><a class=\"wp-block-button__link\" href=\"https:\/\/progepe.ufpr.br\/portarias\/wp-content\/uploads\/pcp\/RT\/2014\/1281R.pdf\" style=\"border-radius:0px\" target=\"_blank\" rel=\"noreferrer noopener\">Acesse o arquivo da portaria<\/a><\/div><\/div>\n","protected":false},"excerpt":{"rendered":"<p>I. Designar para compor a Comiss\u00e3o para o Acompanhamento da Execu\u00e7\u00e3o Or\u00e7ament\u00e1ria 2014, os seguintes membros: Presidente: MARCOS SFAIR SUNYE &#8211; 148709 Membros: ANA PAULA MUSSI SZABO CHEROBIM \u2013 136611 LUIZ ANTONIO PASSOS CARDOSO \u2013 121843 ELISANDRO PIRES FRIGO &#8211; 202325 LUIZ CLAUDIO FERNANDES \u2013 201911 DANIEL KELLER MITTELBACH \u2013 201972 MARIO SERGIO FERREIRA DE SOUZA &#8211; CUT LUCIA REGINA ASSUMPCAO MONTANHINI \u2013 105902 ALVARO PEREIRA DE SOUZA &#8211; 91944 CLAUDETE REGGIANI \u2013 100161 LAWRENCE ESTIVALET DE MELLO II. Esta Portaria cessa os efeitos da Portaria n\u00ba478\/REITOR, de 12 de julho de 2013.  {&#8220;height&#8221;:&#8221;15px&#8221;} <\/p>\n<div style=\"height:15px\" aria-hidden=\"true\" \n\n","protected":false},"author":41,"featured_media":0,"comment_status":"closed","ping_status":"open","sticky":false,"template":"wp-custom-template-emissao-entre-01-05-2004-ate-30-06-2017","format":"standard","meta":{"_acf_changed":false,"iawp_total_views":0,"footnotes":""},"categories":[117],"tags":[124],"class_list":["post-103209","post","type-post","status-publish","format-standard","hentry","category-rt","tag-comissao"],"acf":[],"_links":{"self":[{"href":"https:\/\/progepe.ufpr.br\/portarias\/wp-json\/wp\/v2\/posts\/103209","targetHints":{"allow":["GET"]}}],"collection":[{"href":"https:\/\/progepe.ufpr.br\/portarias\/wp-json\/wp\/v2\/posts"}],"about":[{"href":"https:\/\/progepe.ufpr.br\/portarias\/wp-json\/wp\/v2\/types\/post"}],"author":[{"embeddable":true,"href":"https:\/\/progepe.ufpr.br\/portarias\/wp-json\/wp\/v2\/users\/41"}],"replies":[{"embeddable":true,"href":"https:\/\/progepe.ufpr.br\/portarias\/wp-json\/wp\/v2\/comments?post=103209"}],"version-history":[{"count":1,"href":"https:\/\/progepe.ufpr.br\/portarias\/wp-json\/wp\/v2\/posts\/103209\/revisions"}],"predecessor-version":[{"id":147177,"href":"https:\/\/progepe.ufpr.br\/portarias\/wp-json\/wp\/v2\/posts\/103209\/revisions\/147177"}],"wp:attachment":[{"href":"https:\/\/progepe.ufpr.br\/portarias\/wp-json\/wp\/v2\/media?parent=103209"}],"wp:term":[{"taxonomy":"category","embeddable":true,"href":"https:\/\/progepe.ufpr.br\/portarias\/wp-json\/wp\/v2\/categories?post=103209"},{"taxonomy":"post_tag","embeddable":true,"href":"https:\/\/progepe.ufpr.br\/portarias\/wp-json\/wp\/v2\/tags?post=103209"}],"curies":[{"name":"wp","href":"https:\/\/api.w.org\/{rel}","templated":true}]}}