{"id":103969,"date":"2014-01-30T10:02:00","date_gmt":"2014-01-30T12:02:00","guid":{"rendered":"http:\/\/progepe.ufpr.br\/portarias\/progepe-2014-05614\/"},"modified":"2024-07-09T11:31:41","modified_gmt":"2024-07-09T14:31:41","slug":"progepe-2014-05614","status":"publish","type":"post","link":"https:\/\/progepe.ufpr.br\/portarias\/progepe-2014-05614\/","title":{"rendered":"PORTARIA N\u00ba 05614\/PROGEPE, DE 30 DE JANEIRO DE 2014"},"content":{"rendered":"\n<p style=\"padding-left:43%\">O Pr\u00f3-Reitor de Gest\u00e3o de Pessoas da Universidade Federal do Paran\u00e1, no uso de suas atribui\u00e7\u00f5es, tendo em vista a compet\u00eancia que lhe \u00e9 conferida pela Portaria n\u00ba 2.590, de 26 de setembro de 1997 e considerando o que consta no processo n\u00ba 050485\/2013-37,<\/p>\n\n\n\n<p style=\"padding-left:43%\"><strong>RESOLVE:<\/strong><\/p>\n\n\n\n<p>Autorizar a concess\u00e3o do afastamento integral da servidora MINA ISOTANI &#8211; 201807, ocupante do cargo de Professor classe Assistente, lotada no Departamento de Letras Estrangeiras Modernas do Setor de Ci\u00eancias Humanas, para realizar Doutorado em Teoria Liter\u00e1ria e Literatura Comparada, na Universidade de S\u00e3o Paulo, em S\u00e3o Paulo\/SP, no per\u00edodo de 20 de mar\u00e7o de 2014 a 19 de mar\u00e7o de 2015, com \u00f4nus limitado para UFPR.<\/p>\n","protected":false},"excerpt":{"rendered":"<p>Autorizar a concess\u00e3o do afastamento integral da servidora MINA ISOTANI &#8211; 201807, ocupante do cargo de Professor classe Assistente, lotada no Departamento de Letras Estrangeiras Modernas do Setor de Ci\u00eancias Humanas, para realizar Doutorado em Teoria Liter\u00e1ria e Literatura Comparada, na Universidade de S\u00e3o Paulo, em S\u00e3o Paulo\/SP, no per\u00edodo de 20 de mar\u00e7o de 2014 a 19 de mar\u00e7o de 2015, com \u00f4nus limitado para UFPR.<\/p>\n","protected":false},"author":41,"featured_media":0,"comment_status":"closed","ping_status":"open","sticky":false,"template":"","format":"standard","meta":{"_acf_changed":false,"iawp_total_views":0,"footnotes":""},"categories":[116],"tags":[123],"class_list":["post-103969","post","type-post","status-publish","format-standard","hentry","category-progepe","tag-afastamento-licenca"],"acf":[],"_links":{"self":[{"href":"https:\/\/progepe.ufpr.br\/portarias\/wp-json\/wp\/v2\/posts\/103969","targetHints":{"allow":["GET"]}}],"collection":[{"href":"https:\/\/progepe.ufpr.br\/portarias\/wp-json\/wp\/v2\/posts"}],"about":[{"href":"https:\/\/progepe.ufpr.br\/portarias\/wp-json\/wp\/v2\/types\/post"}],"author":[{"embeddable":true,"href":"https:\/\/progepe.ufpr.br\/portarias\/wp-json\/wp\/v2\/users\/41"}],"replies":[{"embeddable":true,"href":"https:\/\/progepe.ufpr.br\/portarias\/wp-json\/wp\/v2\/comments?post=103969"}],"version-history":[{"count":3,"href":"https:\/\/progepe.ufpr.br\/portarias\/wp-json\/wp\/v2\/posts\/103969\/revisions"}],"predecessor-version":[{"id":256502,"href":"https:\/\/progepe.ufpr.br\/portarias\/wp-json\/wp\/v2\/posts\/103969\/revisions\/256502"}],"wp:attachment":[{"href":"https:\/\/progepe.ufpr.br\/portarias\/wp-json\/wp\/v2\/media?parent=103969"}],"wp:term":[{"taxonomy":"category","embeddable":true,"href":"https:\/\/progepe.ufpr.br\/portarias\/wp-json\/wp\/v2\/categories?post=103969"},{"taxonomy":"post_tag","embeddable":true,"href":"https:\/\/progepe.ufpr.br\/portarias\/wp-json\/wp\/v2\/tags?post=103969"}],"curies":[{"name":"wp","href":"https:\/\/api.w.org\/{rel}","templated":true}]}}