{"id":104289,"date":"2014-05-06T10:00:00","date_gmt":"2014-05-06T13:00:00","guid":{"rendered":"http:\/\/progepe.ufpr.br\/portarias\/progepe-2014-06555\/"},"modified":"2023-07-31T16:53:32","modified_gmt":"2023-07-31T19:53:32","slug":"progepe-2014-06555","status":"publish","type":"post","link":"https:\/\/progepe.ufpr.br\/portarias\/progepe-2014-06555\/","title":{"rendered":"PORTARIA N\u00ba 06555\/PROGEPE, DE 06 DE MAIO DE 2014"},"content":{"rendered":"\n<p>O Pr\u00f3-Reitor de Gest\u00e3o de Pessoas da Universidade Federal do Paran\u00e1, no uso de suas atribui\u00e7\u00f5es, tendo em vista a compet\u00eancia que lhe \u00e9 conferida pela Portaria n\u00ba 2.590, de 26 de setembro de 1997 e considerando o que consta no processo n\u00ba 037131\/2013-05,<\/p>\n\n\n<p><strong>RESOLVE:<\/strong><\/p>\n\n\n<p>Conceder aposentadoria, nos termos do Art. 40 \u00a71\u00ba, inciso I da Constitui\u00e7\u00e3o Federal c\/c 6\u00ba A da Emenda Constitucional n\u00ba 41, de 31.12.2003, inclu\u00eddo pela Emenda Constitucional n\u00ba 70 de 30.03.2012, \u00e0 servidora ASSUAN DJAMILA IBRAHIM MOGHARBEL \u2013 120707, lotada na Maternidade Victor Ferreira do Amaral, ocupante do cargo de Nutricionista\/Habilita\u00e7\u00e3o, n\u00edvel de classifica\u00e7\u00e3o E, n\u00edvel de capacita\u00e7\u00e3o IV, padr\u00e3o de vencimento 11, no regime de 40 (quarenta) horas semanais, com o vencimento do mencionado cargo a raz\u00e3o de 26\/30 (vinte e seis trinta avos), mais a gratifica\u00e7\u00e3o adicional por tempo de servi\u00e7o prevista no Art.67 da Lei n\u00ba 8.112\/90, no \u00edndice de 6 (seis) por cento, mais o incentivo b\u00e1sico complementar, Art. 15 da Lei n\u00ba 11.091\/05 e o incentivo \u00e0 qualifica\u00e7\u00e3o, Decreto n\u00ba 5.824\/06.<\/p><p><\/p>\n\n\n<div style=\"height:15px\" aria-hidden=\"true\" class=\"wp-block-spacer\"><\/div>\n\n\n<div class=\"wp-block-buttons is-content-justification-right is-layout-flex wp-container-core-buttons-is-layout-1 wp-block-buttons-is-layout-flex\">\n<div class=\"wp-block-button has-custom-font-size is-style-outline has-small-font-size is-style-outline--1\"><a class=\"wp-block-button__link\" href=\"https:\/\/progepe.ufpr.br\/portarias\/wp-content\/uploads\/pcp\/PROGEPE\/2014\/6555PR.pdf\" style=\"border-radius:0px\" target=\"_blank\" rel=\"noreferrer noopener\">Acesse o arquivo da portaria<\/a><\/div><\/div>\n","protected":false},"excerpt":{"rendered":"<p>Conceder aposentadoria, nos termos do Art. 40 \u00a71\u00ba, inciso I da Constitui\u00e7\u00e3o Federal c\/c 6\u00ba A da Emenda Constitucional n\u00ba 41, de 31.12.2003, inclu\u00eddo pela Emenda Constitucional n\u00ba 70 de 30.03.2012, \u00e0 servidora ASSUAN DJAMILA IBRAHIM MOGHARBEL \u2013 120707, lotada na Maternidade Victor Ferreira do Amaral, ocupante do cargo de Nutricionista\/Habilita\u00e7\u00e3o, n\u00edvel de classifica\u00e7\u00e3o E, n\u00edvel de capacita\u00e7\u00e3o IV, padr\u00e3o de vencimento 11, no regime de 40 (quarenta) horas semanais, com o vencimento do mencionado cargo a raz\u00e3o de 26\/30 (vinte e seis trinta avos), mais a gratifica\u00e7\u00e3o adicional por tempo de servi\u00e7o prevista no Art.67 da Lei<\/p>\n","protected":false},"author":41,"featured_media":0,"comment_status":"closed","ping_status":"open","sticky":false,"template":"wp-custom-template-emissao-entre-01-05-2004-ate-30-06-2017","format":"standard","meta":{"_acf_changed":false,"iawp_total_views":0,"footnotes":""},"categories":[116],"tags":[125],"class_list":["post-104289","post","type-post","status-publish","format-standard","hentry","category-progepe","tag-aposentadoria"],"acf":[],"_links":{"self":[{"href":"https:\/\/progepe.ufpr.br\/portarias\/wp-json\/wp\/v2\/posts\/104289","targetHints":{"allow":["GET"]}}],"collection":[{"href":"https:\/\/progepe.ufpr.br\/portarias\/wp-json\/wp\/v2\/posts"}],"about":[{"href":"https:\/\/progepe.ufpr.br\/portarias\/wp-json\/wp\/v2\/types\/post"}],"author":[{"embeddable":true,"href":"https:\/\/progepe.ufpr.br\/portarias\/wp-json\/wp\/v2\/users\/41"}],"replies":[{"embeddable":true,"href":"https:\/\/progepe.ufpr.br\/portarias\/wp-json\/wp\/v2\/comments?post=104289"}],"version-history":[{"count":1,"href":"https:\/\/progepe.ufpr.br\/portarias\/wp-json\/wp\/v2\/posts\/104289\/revisions"}],"predecessor-version":[{"id":148241,"href":"https:\/\/progepe.ufpr.br\/portarias\/wp-json\/wp\/v2\/posts\/104289\/revisions\/148241"}],"wp:attachment":[{"href":"https:\/\/progepe.ufpr.br\/portarias\/wp-json\/wp\/v2\/media?parent=104289"}],"wp:term":[{"taxonomy":"category","embeddable":true,"href":"https:\/\/progepe.ufpr.br\/portarias\/wp-json\/wp\/v2\/categories?post=104289"},{"taxonomy":"post_tag","embeddable":true,"href":"https:\/\/progepe.ufpr.br\/portarias\/wp-json\/wp\/v2\/tags?post=104289"}],"curies":[{"name":"wp","href":"https:\/\/api.w.org\/{rel}","templated":true}]}}