{"id":104364,"date":"2014-09-10T10:03:00","date_gmt":"2014-09-10T13:03:00","guid":{"rendered":"http:\/\/progepe.ufpr.br\/portarias\/progepe-2014-08489\/"},"modified":"2023-08-03T11:56:59","modified_gmt":"2023-08-03T14:56:59","slug":"progepe-2014-08489","status":"publish","type":"post","link":"https:\/\/progepe.ufpr.br\/portarias\/progepe-2014-08489\/","title":{"rendered":"PORTARIA N\u00ba 08489\/PROGEPE, DE 10 DE SETEMBRO DE 2014"},"content":{"rendered":"\n<p>O Pr\u00f3-Reitor de Gest\u00e3o de Pessoas da Universidade Federal do Paran\u00e1, em exerc\u00edcio, no uso de suas atribui\u00e7\u00f5es, tendo em vista a compet\u00eancia que lhe \u00e9 conferida pela Portaria n\u00ba 2.590, de 26 de setembro de 1997 e considerando o que consta no processo n\u00ba 017138\/2014-83,<\/p>\n\n\n<p><strong>RESOLVE:<\/strong><\/p>\n\n\n<p>Conceder aposentadoria volunt\u00e1ria por tempo de contribui\u00e7\u00e3o, nos termos do Art. 3\u00ba da Emenda Constitucional n\u00ba 47, de 05 de julho de 2005, ao servidor EDESIO BRUM \u2013 68713, lotado no Departamento de Ci\u00eancias Econ\u00f4micas do Setor de Ci\u00eancias Sociais Aplicadas, ocupante do cargo de Assistente em Administra\u00e7\u00e3o, n\u00edvel de classifica\u00e7\u00e3o D, n\u00edvel de capacita\u00e7\u00e3o I, padr\u00e3o de vencimento 16, no regime de 40 (quarenta) horas semanais, com o vencimento do mencionado cargo, mais a gratifica\u00e7\u00e3o adicional por tempo de servi\u00e7o prevista no Art.67 da Lei n\u00ba 8.112\/90, no \u00edndice de 20 (vinte) por cento, calculada sobre o vencimento b\u00e1sico, mais a vantagem pessoal, Art. 62 da Lei n\u00ba 8.112\/90, origin\u00e1ria da incorpora\u00e7\u00e3o nos termos do Art. 3\u00ba a 11 da Lei n\u00ba 8.911\/94, Lei n\u00ba 9.527\/97 e Lei n\u00ba 9.624\/98, correspondente \u00e0s fra\u00e7\u00f5es de d\u00e9cimos equivalentes a 10\/10 (dez d\u00e9cimos) da fun\u00e7\u00e3o gratificada, c\u00f3digo FG-7, e a vantagem pessoal, Art. 5\u00ba do Decreto n\u00ba 95.689\/88, mantida conforme Senten\u00e7a Judicial &#8211; A\u00e7\u00e3o Ordin\u00e1ria n\u00ba 2002.70.00.069385-5 da 5\u00aa Vara Federal do Paran\u00e1.<\/p><p><\/p>\n\n\n<div style=\"height:15px\" aria-hidden=\"true\" class=\"wp-block-spacer\"><\/div>\n\n\n<div class=\"wp-block-buttons is-content-justification-right is-layout-flex wp-container-core-buttons-is-layout-1 wp-block-buttons-is-layout-flex\">\n<div class=\"wp-block-button has-custom-font-size is-style-outline has-small-font-size is-style-outline--1\"><a class=\"wp-block-button__link\" href=\"https:\/\/progepe.ufpr.br\/portarias\/wp-content\/uploads\/pcp\/PROGEPE\/2014\/8489PR.pdf\" style=\"border-radius:0px\" target=\"_blank\" rel=\"noreferrer noopener\">Acesse o arquivo da portaria<\/a><\/div><\/div>\n","protected":false},"excerpt":{"rendered":"<p>Conceder aposentadoria volunt\u00e1ria por tempo de contribui\u00e7\u00e3o, nos termos do Art. 3\u00ba da Emenda Constitucional n\u00ba 47, de 05 de julho de 2005, ao servidor EDESIO BRUM \u2013 68713, lotado no Departamento de Ci\u00eancias Econ\u00f4micas do Setor de Ci\u00eancias Sociais Aplicadas, ocupante do cargo de Assistente em Administra\u00e7\u00e3o, n\u00edvel de classifica\u00e7\u00e3o D, n\u00edvel de capacita\u00e7\u00e3o I, padr\u00e3o de vencimento 16, no regime de 40 (quarenta) horas semanais, com o vencimento do mencionado cargo, mais a gratifica\u00e7\u00e3o adicional por tempo de servi\u00e7o prevista no Art.67 da Lei n\u00ba 8.112\/90, no \u00edndice de 20 (vinte) por cento, calculada sobre o<\/p>\n","protected":false},"author":41,"featured_media":0,"comment_status":"closed","ping_status":"open","sticky":false,"template":"wp-custom-template-emissao-entre-01-05-2004-ate-30-06-2017","format":"standard","meta":{"_acf_changed":false,"iawp_total_views":0,"footnotes":""},"categories":[116],"tags":[125],"class_list":["post-104364","post","type-post","status-publish","format-standard","hentry","category-progepe","tag-aposentadoria"],"acf":[],"_links":{"self":[{"href":"https:\/\/progepe.ufpr.br\/portarias\/wp-json\/wp\/v2\/posts\/104364","targetHints":{"allow":["GET"]}}],"collection":[{"href":"https:\/\/progepe.ufpr.br\/portarias\/wp-json\/wp\/v2\/posts"}],"about":[{"href":"https:\/\/progepe.ufpr.br\/portarias\/wp-json\/wp\/v2\/types\/post"}],"author":[{"embeddable":true,"href":"https:\/\/progepe.ufpr.br\/portarias\/wp-json\/wp\/v2\/users\/41"}],"replies":[{"embeddable":true,"href":"https:\/\/progepe.ufpr.br\/portarias\/wp-json\/wp\/v2\/comments?post=104364"}],"version-history":[{"count":1,"href":"https:\/\/progepe.ufpr.br\/portarias\/wp-json\/wp\/v2\/posts\/104364\/revisions"}],"predecessor-version":[{"id":148316,"href":"https:\/\/progepe.ufpr.br\/portarias\/wp-json\/wp\/v2\/posts\/104364\/revisions\/148316"}],"wp:attachment":[{"href":"https:\/\/progepe.ufpr.br\/portarias\/wp-json\/wp\/v2\/media?parent=104364"}],"wp:term":[{"taxonomy":"category","embeddable":true,"href":"https:\/\/progepe.ufpr.br\/portarias\/wp-json\/wp\/v2\/categories?post=104364"},{"taxonomy":"post_tag","embeddable":true,"href":"https:\/\/progepe.ufpr.br\/portarias\/wp-json\/wp\/v2\/tags?post=104364"}],"curies":[{"name":"wp","href":"https:\/\/api.w.org\/{rel}","templated":true}]}}