{"id":10437,"date":"2019-10-14T10:00:00","date_gmt":"2019-10-14T13:00:00","guid":{"rendered":"http:\/\/progepe.ufpr.br\/portal\/?post_type=portarias&#038;p=10437"},"modified":"2023-08-03T12:50:18","modified_gmt":"2023-08-03T15:50:18","slug":"progepe-2019-04128","status":"publish","type":"post","link":"https:\/\/progepe.ufpr.br\/portarias\/progepe-2019-04128\/","title":{"rendered":"PORTARIA N\u00ba 04128\/PROGEPE, DE 14 DE OUTUBRO DE 2019"},"content":{"rendered":"\n<p><strong>O Pr\u00f3-Reitor de Gest\u00e3o de Pessoas da Universidade Federal do Paran\u00e1,<\/strong> no uso de suas atribui\u00e7\u00f5es, tendo em vista a compet\u00eancia que lhe \u00e9 conferida pela Portaria n\u00ba 2.590, de 26 de setembro de 1997 e considerando o que consta no processo n\u00ba 23075.074304\/2019-53, <\/p>\n\n\n\n<p>RESOLVE: <\/p>\n\n\n\n<p>Em conformidade com as disposi\u00e7\u00f5es estabelecidas no Art. 9\u00ba da Lei n\u00ba\n9.527\/1997; Decreto n\u00ba 7.862, de 08 de dezembro de 2012; Portaria MP n\u00ba 0363,\nde 28&nbsp;de novembro&nbsp;de 2016; e, Orienta\u00e7\u00e3o Normativa SEGEP n\u00ba 01,\npublicada no DOU de 05.01.2017: 1. Tornar p\u00fablico que o servidor aposentado \/\npensionista abaixo identificado, que n\u00e3o atenderam \u00e0 convoca\u00e7\u00e3o e notifica\u00e7\u00e3o\npara realizar o recadastramento anual, ter\u00e1 o seu benef\u00edcio suspenso. 2. A\nsuspens\u00e3o do pagamento do provento e\/ou benef\u00edcio de pens\u00e3o ser\u00e1 efetivado na\nfolha de pagamento do m\u00eas de Outubro\/2019. 3. O restabelecimento do pagamento\ndo provento e\/ou da pens\u00e3o fica condicionado ao recadastramento mediante\ncomparecimento pessoal dos interessados na Central de Atendimento ao Servidor\n(CAS), sito \u00e0 Rua Dr. Faivre, 590 &#8211; Centro &#8211; Curitiba PR, portando a documenta\u00e7\u00e3o\nestabelecida nos Art. 5\u00ba e 6\u00ba da ON n\u00ba 1\/2017-SEGEP\/MP. 3.1. O cr\u00e9dito do(s)\npagamento(s) restabelecido(s) ser\u00e1(\u00e3o) efetivado(s) na primeira folha de\npagamento dispon\u00edvel para inclus\u00e3o. 4. Na hip\u00f3tese de impossibilidade de\ncomparecer por motivo de mol\u00e9stia grave ou de incapacidade de locomo\u00e7\u00e3o do\naposentado e\/ou pensionista, dever\u00e1 ser solicitado agendamento de visita\nt\u00e9cnica para fins de regulariza\u00e7\u00e3o do benef\u00edcio, no endere\u00e7o citado no item 3,\nficando o pagamento restabelecido provisoriamente at\u00e9 que seja realizada a\nvisita t\u00e9cnica, observado o disposto no item 3.1 da presente Portaria.<\/p>\n\n\n\n<table class=\"wp-block-table\"><tbody><tr><td>\n  <strong>Matr\u00edcula<\/strong>\n  <\/td><td>\n  <strong>CPF<\/strong>\n  <\/td><td>\n  <strong>Nome<\/strong>\n  <\/td><td>\n  <strong>Tipo<\/strong>\n  <\/td><\/tr><tr><td>\n  1213948\n  <\/td><td>\n  \u275a\u275a\u275a.\u275a\u275a\u275a.\u275a\u275a\u275a-\u275a\u275a\n  <\/td><td>\n  MARLENE JOSE GONCALVES\n  <\/td><td>\n  Aposentadoria\n  <\/td><\/tr><\/tbody><\/table>\n\n\n\n<p style=\"text-align:right\"><strong>DOUGLAS ORTIZ HAMERMULLER<\/strong><\/p>\n","protected":false},"excerpt":{"rendered":"<p>O Pr\u00f3-Reitor de Gest\u00e3o de Pessoas da Universidade Federal do Paran\u00e1, no uso de suas atribui\u00e7\u00f5es, tendo em vista a compet\u00eancia que lhe \u00e9 conferida pela Portaria n\u00ba 2.590, de 26 de setembro de 1997 e considerando o que consta no processo n\u00ba 23075.074304\/2019-53, RESOLVE: Em conformidade com as disposi\u00e7\u00f5es estabelecidas no Art. 9\u00ba da [&hellip;]<\/p>\n","protected":false},"author":50,"featured_media":0,"comment_status":"closed","ping_status":"closed","sticky":false,"template":"","format":"standard","meta":{"_acf_changed":false,"iawp_total_views":0,"footnotes":""},"categories":[116],"tags":[119],"class_list":["post-10437","post","type-post","status-publish","format-standard","hentry","category-progepe","tag-diversos"],"acf":[],"_links":{"self":[{"href":"https:\/\/progepe.ufpr.br\/portarias\/wp-json\/wp\/v2\/posts\/10437","targetHints":{"allow":["GET"]}}],"collection":[{"href":"https:\/\/progepe.ufpr.br\/portarias\/wp-json\/wp\/v2\/posts"}],"about":[{"href":"https:\/\/progepe.ufpr.br\/portarias\/wp-json\/wp\/v2\/types\/post"}],"author":[{"embeddable":true,"href":"https:\/\/progepe.ufpr.br\/portarias\/wp-json\/wp\/v2\/users\/50"}],"replies":[{"embeddable":true,"href":"https:\/\/progepe.ufpr.br\/portarias\/wp-json\/wp\/v2\/comments?post=10437"}],"version-history":[{"count":1,"href":"https:\/\/progepe.ufpr.br\/portarias\/wp-json\/wp\/v2\/posts\/10437\/revisions"}],"predecessor-version":[{"id":190638,"href":"https:\/\/progepe.ufpr.br\/portarias\/wp-json\/wp\/v2\/posts\/10437\/revisions\/190638"}],"wp:attachment":[{"href":"https:\/\/progepe.ufpr.br\/portarias\/wp-json\/wp\/v2\/media?parent=10437"}],"wp:term":[{"taxonomy":"category","embeddable":true,"href":"https:\/\/progepe.ufpr.br\/portarias\/wp-json\/wp\/v2\/categories?post=10437"},{"taxonomy":"post_tag","embeddable":true,"href":"https:\/\/progepe.ufpr.br\/portarias\/wp-json\/wp\/v2\/tags?post=10437"}],"curies":[{"name":"wp","href":"https:\/\/api.w.org\/{rel}","templated":true}]}}