{"id":104509,"date":"2014-05-05T10:01:00","date_gmt":"2014-05-05T13:01:00","guid":{"rendered":"http:\/\/progepe.ufpr.br\/portarias\/progepe-2014-06544\/"},"modified":"2023-08-03T11:53:40","modified_gmt":"2023-08-03T14:53:40","slug":"progepe-2014-06544","status":"publish","type":"post","link":"https:\/\/progepe.ufpr.br\/portarias\/progepe-2014-06544\/","title":{"rendered":"PORTARIA N\u00ba 06544\/PROGEPE, DE 05 DE MAIO DE 2014"},"content":{"rendered":"\n<p>O Pr\u00f3-Reitor de Gest\u00e3o de Pessoas da Universidade Federal do Paran\u00e1, em exerc\u00edcio, no uso de suas atribui\u00e7\u00f5es, tendo em vista a compet\u00eancia que lhe \u00e9 conferida pela Portaria n\u00ba 2.590, de 26 de setembro de 1997 e o que consta no Art. 103 da Lei n\u00ba 8.112\/90 e ainda o contido no processo n\u00ba 015820\/2014-31,<\/p>\n\n\n<p><strong>RESOLVE:<\/strong><\/p>\n\n\n<p>Averbar, a partir de 14 de abril de 2014, em favor da servidora LUCYANNE MARIA MORAES CORREIA \u2013 202242, ocupante do cargo de Nutricionista\/Habilita\u00e7\u00e3o, lotada no Restaurante Universit\u00e1rio, os tempos de servi\u00e7o abaixo listados, para fins de: I \u2013 Aposentadoria e disponibilidade: EMPRESA PER\u00cdODO TOTAL DE DIAS Claudemir Luiz Toaldo 27.04.1998 a 10.07.1998 75 Sodexo do Brasil Comercial S\/A 20.07.1998 a 10.09.2004 2245 II \u2013 Aposentadoria, aposentadoria especial e disponibilidade: EMPRESA PER\u00cdODO TOTAL DE DIAS Instituto de Cultura Esp\u00edrita do Paran\u00e1 11.09.2004 a 13.01.2011 2316<\/p><p><\/p>\n\n\n<div style=\"height:15px\" aria-hidden=\"true\" class=\"wp-block-spacer\"><\/div>\n\n\n<div class=\"wp-block-buttons is-content-justification-right is-layout-flex wp-container-core-buttons-is-layout-1 wp-block-buttons-is-layout-flex\">\n<div class=\"wp-block-button has-custom-font-size is-style-outline has-small-font-size is-style-outline--1\"><a class=\"wp-block-button__link\" href=\"https:\/\/progepe.ufpr.br\/portarias\/wp-content\/uploads\/pcp\/PROGEPE\/2014\/6544PR.pdf\" style=\"border-radius:0px\" target=\"_blank\" rel=\"noreferrer noopener\">Acesse o arquivo da portaria<\/a><\/div><\/div>\n","protected":false},"excerpt":{"rendered":"<p>Averbar, a partir de 14 de abril de 2014, em favor da servidora LUCYANNE MARIA MORAES CORREIA \u2013 202242, ocupante do cargo de Nutricionista\/Habilita\u00e7\u00e3o, lotada no Restaurante Universit\u00e1rio, os tempos de servi\u00e7o abaixo listados, para fins de: I \u2013 Aposentadoria e disponibilidade: EMPRESA PER\u00cdODO TOTAL DE DIAS Claudemir Luiz Toaldo 27.04.1998 a 10.07.1998 75 Sodexo do Brasil Comercial S\/A 20.07.1998 a 10.09.2004 2245 II \u2013 Aposentadoria, aposentadoria especial e disponibilidade: EMPRESA PER\u00cdODO TOTAL DE DIAS Instituto de Cultura Esp\u00edrita do Paran\u00e1 11.09.2004 a 13.01.2011 2316  {&#8220;height&#8221;:&#8221;15px&#8221;} <\/p>\n<div style=\"height:15px\" aria-hidden=\"true\" class=\"wp-block-spacer\"> <!-- \/wp:spacer  {\"layout\":{\"type\":\"flex\",\"justifyContent\":\"right\"}} \n\n<div class=\"wp-block-buttons\"><!-- wp:button\n<\/p>\n","protected":false},"author":41,"featured_media":0,"comment_status":"closed","ping_status":"open","sticky":false,"template":"wp-custom-template-emissao-entre-01-05-2004-ate-30-06-2017","format":"standard","meta":{"_acf_changed":false,"iawp_total_views":2,"footnotes":""},"categories":[116],"tags":[140],"class_list":["post-104509","post","type-post","status-publish","format-standard","hentry","category-progepe","tag-averbacao-desaverbacao"],"acf":[],"_links":{"self":[{"href":"https:\/\/progepe.ufpr.br\/portarias\/wp-json\/wp\/v2\/posts\/104509","targetHints":{"allow":["GET"]}}],"collection":[{"href":"https:\/\/progepe.ufpr.br\/portarias\/wp-json\/wp\/v2\/posts"}],"about":[{"href":"https:\/\/progepe.ufpr.br\/portarias\/wp-json\/wp\/v2\/types\/post"}],"author":[{"embeddable":true,"href":"https:\/\/progepe.ufpr.br\/portarias\/wp-json\/wp\/v2\/users\/41"}],"replies":[{"embeddable":true,"href":"https:\/\/progepe.ufpr.br\/portarias\/wp-json\/wp\/v2\/comments?post=104509"}],"version-history":[{"count":1,"href":"https:\/\/progepe.ufpr.br\/portarias\/wp-json\/wp\/v2\/posts\/104509\/revisions"}],"predecessor-version":[{"id":148461,"href":"https:\/\/progepe.ufpr.br\/portarias\/wp-json\/wp\/v2\/posts\/104509\/revisions\/148461"}],"wp:attachment":[{"href":"https:\/\/progepe.ufpr.br\/portarias\/wp-json\/wp\/v2\/media?parent=104509"}],"wp:term":[{"taxonomy":"category","embeddable":true,"href":"https:\/\/progepe.ufpr.br\/portarias\/wp-json\/wp\/v2\/categories?post=104509"},{"taxonomy":"post_tag","embeddable":true,"href":"https:\/\/progepe.ufpr.br\/portarias\/wp-json\/wp\/v2\/tags?post=104509"}],"curies":[{"name":"wp","href":"https:\/\/api.w.org\/{rel}","templated":true}]}}