{"id":104586,"date":"2014-08-29T10:11:00","date_gmt":"2014-08-29T13:11:00","guid":{"rendered":"http:\/\/progepe.ufpr.br\/portarias\/progepe-2014-08355\/"},"modified":"2023-08-03T11:56:45","modified_gmt":"2023-08-03T14:56:45","slug":"progepe-2014-08355","status":"publish","type":"post","link":"https:\/\/progepe.ufpr.br\/portarias\/progepe-2014-08355\/","title":{"rendered":"PORTARIA N\u00ba 08355\/PROGEPE, DE 29 DE AGOSTO DE 2014"},"content":{"rendered":"\n<p>O Pr\u00f3-Reitor de Gest\u00e3o de Pessoas da Universidade Federal do Paran\u00e1, no uso de suas atribui\u00e7\u00f5es, tendo em vista a compet\u00eancia que lhe \u00e9 conferida pela Portaria n\u00ba 2.590, de 26 de setembro de 1997 e o que consta nos Art. 100 e 103 da Lei n\u00ba 8.112\/90 e ainda o contido no processo n\u00ba 030891\/2014-64,<\/p>\n\n\n<p><strong>RESOLVE:<\/strong><\/p>\n\n\n<p>Averbar, a partir de 01 de agosto de 2014, em favor da servidora NARA ANGELA DOS ANJOS \u2013 124664, ocupante do cargo de Assistente em Administra\u00e7\u00e3o, lotada no Gabinete da Dire\u00e7\u00e3o do Setor Litoral, os tempos de servi\u00e7o abaixo listados, para fins de: I \u2013 Aposentadoria e disponibilidade: EMPRESA PER\u00cdODO TOTAL DE DIAS Instituto Paran. de Desenvolvimento 02.01.1989 a 31.05.1989 150 Econ\u00f4mico e Social Instituto Paran. de Desenvolvimento 05.07.1989 a 31.07.1990 392 Econ\u00f4mico e Social Farmafertil \u2013 Jo\u00e3o Ant\u00f4nio dos Santos Cia 01.10.1992 a 05.12.1993 431 Ltda.<\/p><p> II \u2013 Aposentadoria, aposentadoria especial e disponibilidade: EMPRESA PER\u00cdODO TOTAL DE DIAS Viva Vida Ensino Pr\u00e9 Escolar SC Ltda. ME  01.09.1986 a 22.05.1987 264<\/p><p><\/p>\n\n\n<div style=\"height:15px\" aria-hidden=\"true\" class=\"wp-block-spacer\"><\/div>\n\n\n<div class=\"wp-block-buttons is-content-justification-right is-layout-flex wp-container-core-buttons-is-layout-1 wp-block-buttons-is-layout-flex\">\n<div class=\"wp-block-button has-custom-font-size is-style-outline has-small-font-size is-style-outline--1\"><a class=\"wp-block-button__link\" href=\"https:\/\/progepe.ufpr.br\/portarias\/wp-content\/uploads\/pcp\/PROGEPE\/2014\/8355PR.pdf\" style=\"border-radius:0px\" target=\"_blank\" rel=\"noreferrer noopener\">Acesse o arquivo da portaria<\/a><\/div><\/div>\n","protected":false},"excerpt":{"rendered":"<p>Averbar, a partir de 01 de agosto de 2014, em favor da servidora NARA ANGELA DOS ANJOS \u2013 124664, ocupante do cargo de Assistente em Administra\u00e7\u00e3o, lotada no Gabinete da Dire\u00e7\u00e3o do Setor Litoral, os tempos de servi\u00e7o abaixo listados, para fins de: I \u2013 Aposentadoria e disponibilidade: EMPRESA PER\u00cdODO TOTAL DE DIAS Instituto Paran. de Desenvolvimento 02.01.1989 a 31.05.1989 150 Econ\u00f4mico e Social Instituto Paran. de Desenvolvimento 05.07.1989 a 31.07.1990 392 Econ\u00f4mico e Social Farmafertil \u2013 Jo\u00e3o Ant\u00f4nio dos Santos Cia 01.10.1992 a 05.12.1993 431 Ltda. II \u2013 Aposentadoria, aposentadoria especial e disponibilidade: EMPRESA PER\u00cdODO TOTAL DE<\/p>\n","protected":false},"author":41,"featured_media":0,"comment_status":"closed","ping_status":"open","sticky":false,"template":"wp-custom-template-emissao-entre-01-05-2004-ate-30-06-2017","format":"standard","meta":{"_acf_changed":false,"iawp_total_views":0,"footnotes":""},"categories":[116],"tags":[140],"class_list":["post-104586","post","type-post","status-publish","format-standard","hentry","category-progepe","tag-averbacao-desaverbacao"],"acf":[],"_links":{"self":[{"href":"https:\/\/progepe.ufpr.br\/portarias\/wp-json\/wp\/v2\/posts\/104586","targetHints":{"allow":["GET"]}}],"collection":[{"href":"https:\/\/progepe.ufpr.br\/portarias\/wp-json\/wp\/v2\/posts"}],"about":[{"href":"https:\/\/progepe.ufpr.br\/portarias\/wp-json\/wp\/v2\/types\/post"}],"author":[{"embeddable":true,"href":"https:\/\/progepe.ufpr.br\/portarias\/wp-json\/wp\/v2\/users\/41"}],"replies":[{"embeddable":true,"href":"https:\/\/progepe.ufpr.br\/portarias\/wp-json\/wp\/v2\/comments?post=104586"}],"version-history":[{"count":1,"href":"https:\/\/progepe.ufpr.br\/portarias\/wp-json\/wp\/v2\/posts\/104586\/revisions"}],"predecessor-version":[{"id":148538,"href":"https:\/\/progepe.ufpr.br\/portarias\/wp-json\/wp\/v2\/posts\/104586\/revisions\/148538"}],"wp:attachment":[{"href":"https:\/\/progepe.ufpr.br\/portarias\/wp-json\/wp\/v2\/media?parent=104586"}],"wp:term":[{"taxonomy":"category","embeddable":true,"href":"https:\/\/progepe.ufpr.br\/portarias\/wp-json\/wp\/v2\/categories?post=104586"},{"taxonomy":"post_tag","embeddable":true,"href":"https:\/\/progepe.ufpr.br\/portarias\/wp-json\/wp\/v2\/tags?post=104586"}],"curies":[{"name":"wp","href":"https:\/\/api.w.org\/{rel}","templated":true}]}}