{"id":105767,"date":"2014-12-19T10:01:00","date_gmt":"2014-12-19T12:01:00","guid":{"rendered":"http:\/\/progepe.ufpr.br\/portarias\/progepe-2014-09907\/"},"modified":"2023-08-03T11:59:24","modified_gmt":"2023-08-03T14:59:24","slug":"progepe-2014-09907","status":"publish","type":"post","link":"https:\/\/progepe.ufpr.br\/portarias\/progepe-2014-09907\/","title":{"rendered":"PORTARIA N\u00ba 09907\/PROGEPE, DE 19 DE DEZEMBRO DE 2014"},"content":{"rendered":"\n<p>O Pr\u00f3-Reitor de Gest\u00e3o de Pessoas da Universidade Federal do Paran\u00e1, no uso de suas atribui\u00e7\u00f5es, tendo em vista a compet\u00eancia que lhe \u00e9 conferida pela Portaria n\u00ba 2.590, de 26 de setembro de 1997 e considerando o que consta no processo n\u00ba 055284\/2014-15,<\/p>\n\n\n<p><strong>RESOLVE:<\/strong><\/p>\n\n\n<p>I. Tornar sem efeito a Portaria n\u00ba 9.881\/PROGEPE, de 17 de dezembro de 2014, publicada no DOU de 18.12.2014, se\u00e7\u00e3o 2, p\u00e1g. 29.<\/p><p> II. Declarar vago, a partir de 17 de dezembro de 2014, o cargo de Assistente em Administra\u00e7\u00e3o, ocupado por LIANE VEIT \u2013 202777, lotada no N\u00facleo de Acompanhamento Acad\u00eamico da Pr\u00f3-Reitoria de Gradua\u00e7\u00e3o, em virtude de posse em outro cargo p\u00fablico inacumul\u00e1vel, de acordo com o disposto no Artigo 33 da Lei n\u00ba 8.112\/90.<\/p><p><\/p>\n\n\n<div style=\"height:15px\" aria-hidden=\"true\" class=\"wp-block-spacer\"><\/div>\n\n\n<div class=\"wp-block-buttons is-content-justification-right is-layout-flex wp-container-core-buttons-is-layout-1 wp-block-buttons-is-layout-flex\">\n<div class=\"wp-block-button has-custom-font-size is-style-outline has-small-font-size is-style-outline--1\"><a class=\"wp-block-button__link\" href=\"https:\/\/progepe.ufpr.br\/portarias\/wp-content\/uploads\/pcp\/PROGEPE\/2014\/9907PR.pdf\" style=\"border-radius:0px\" target=\"_blank\" rel=\"noreferrer noopener\">Acesse o arquivo da portaria<\/a><\/div><\/div>\n","protected":false},"excerpt":{"rendered":"<p>I. Tornar sem efeito a Portaria n\u00ba 9.881\/PROGEPE, de 17 de dezembro de 2014, publicada no DOU de 18.12.2014, se\u00e7\u00e3o 2, p\u00e1g. 29. II. Declarar vago, a partir de 17 de dezembro de 2014, o cargo de Assistente em Administra\u00e7\u00e3o, ocupado por LIANE VEIT \u2013 202777, lotada no N\u00facleo de Acompanhamento Acad\u00eamico da Pr\u00f3-Reitoria de Gradua\u00e7\u00e3o, em virtude de posse em outro cargo p\u00fablico inacumul\u00e1vel, de acordo com o disposto no Artigo 33 da Lei n\u00ba 8.112\/90.  {&#8220;height&#8221;:&#8221;15px&#8221;} <\/p>\n<div style=\"height:15px\" aria-hidden=\"true\" class=\"wp-block-spacer\"> <!-- \/wp:spacer  {\"layout\":{\"type\":\"flex\",\"justifyContent\":\"right\"}} \n\n<div class=\"wp-block-buttons\"><!-- wp:button {\"style\":{\"border\":{\"radius\":\"0px\"}},\"className\":\"is-style-outline\",\"fontSize\":\"small\"} \n\n<div class=\"wp-block-button has-custom-font-size is-style-outline has-small-font-size\"><a class=\"wp-block-button__link\" href=\"https:\/\/progepe.ufpr.br\/portarias\/wp-content\/uploads\/pcp\/PROGEPE\/2014\/9907PR.pdf\"\n<\/p>\n","protected":false},"author":41,"featured_media":0,"comment_status":"closed","ping_status":"open","sticky":false,"template":"wp-custom-template-emissao-entre-01-05-2004-ate-30-06-2017","format":"standard","meta":{"_acf_changed":false,"iawp_total_views":0,"footnotes":""},"categories":[116],"tags":[122],"class_list":["post-105767","post","type-post","status-publish","format-standard","hentry","category-progepe","tag-exoneracao"],"acf":[],"_links":{"self":[{"href":"https:\/\/progepe.ufpr.br\/portarias\/wp-json\/wp\/v2\/posts\/105767","targetHints":{"allow":["GET"]}}],"collection":[{"href":"https:\/\/progepe.ufpr.br\/portarias\/wp-json\/wp\/v2\/posts"}],"about":[{"href":"https:\/\/progepe.ufpr.br\/portarias\/wp-json\/wp\/v2\/types\/post"}],"author":[{"embeddable":true,"href":"https:\/\/progepe.ufpr.br\/portarias\/wp-json\/wp\/v2\/users\/41"}],"replies":[{"embeddable":true,"href":"https:\/\/progepe.ufpr.br\/portarias\/wp-json\/wp\/v2\/comments?post=105767"}],"version-history":[{"count":1,"href":"https:\/\/progepe.ufpr.br\/portarias\/wp-json\/wp\/v2\/posts\/105767\/revisions"}],"predecessor-version":[{"id":149719,"href":"https:\/\/progepe.ufpr.br\/portarias\/wp-json\/wp\/v2\/posts\/105767\/revisions\/149719"}],"wp:attachment":[{"href":"https:\/\/progepe.ufpr.br\/portarias\/wp-json\/wp\/v2\/media?parent=105767"}],"wp:term":[{"taxonomy":"category","embeddable":true,"href":"https:\/\/progepe.ufpr.br\/portarias\/wp-json\/wp\/v2\/categories?post=105767"},{"taxonomy":"post_tag","embeddable":true,"href":"https:\/\/progepe.ufpr.br\/portarias\/wp-json\/wp\/v2\/tags?post=105767"}],"curies":[{"name":"wp","href":"https:\/\/api.w.org\/{rel}","templated":true}]}}