{"id":106499,"date":"2014-10-01T10:01:00","date_gmt":"2014-10-01T13:01:00","guid":{"rendered":"http:\/\/progepe.ufpr.br\/portarias\/progepe-2014-08767\/"},"modified":"2023-08-03T11:57:27","modified_gmt":"2023-08-03T14:57:27","slug":"progepe-2014-08767","status":"publish","type":"post","link":"https:\/\/progepe.ufpr.br\/portarias\/progepe-2014-08767\/","title":{"rendered":"PORTARIA N\u00ba 08767\/PROGEPE, DE 01 DE OUTUBRO DE 2014"},"content":{"rendered":"\n<p>O Pr\u00f3-Reitor de Gest\u00e3o de Pessoas da Universidade Federal do Paran\u00e1, no uso de suas atribui\u00e7\u00f5es, tendo em vista a compet\u00eancia que lhe \u00e9 conferida pela Portaria n\u00ba 2.590, de 26 de setembro de 1997, de acordo com os Artigos 11 e 12 da Lei n\u00ba 11.091\/05; os Anexos II e III do Decreto n\u00ba 5.824\/06 e o Anexo XV da Lei n\u00ba 11.784\/08; Lei n\u00ba 12.772\/12; e, o que consta no processo n\u00ba 032580\/2014-30,<\/p>\n\n\n<p><strong>RESOLVE:<\/strong><\/p>\n\n\n<p>Conceder o Incentivo \u00e0 Qualifica\u00e7\u00e3o no percentual de 30 (trinta) por cento, a partir de 07 de agosto de 2014, \u00e0 servidora MARCIA PONS MADRUGA \u2013 202650, ocupante do cargo de Secret\u00e1rio Executivo,  lotada no Gabinete da Dire\u00e7\u00e3o do Setor Litoral, tendo em vista ter apresentado certificado de conclus\u00e3o do Curso de Gest\u00e3o P\u00fablica em n\u00edvel de P\u00f3s-Gradua\u00e7\u00e3o, emitido pela Faculdades de Administra\u00e7\u00e3o, Ci\u00eancias, Educa\u00e7\u00e3o e Letras.<\/p><p><\/p>\n\n\n<div style=\"height:15px\" aria-hidden=\"true\" class=\"wp-block-spacer\"><\/div>\n\n\n<div class=\"wp-block-buttons is-content-justification-right is-layout-flex wp-container-core-buttons-is-layout-1 wp-block-buttons-is-layout-flex\">\n<div class=\"wp-block-button has-custom-font-size is-style-outline has-small-font-size is-style-outline--1\"><a class=\"wp-block-button__link\" href=\"https:\/\/progepe.ufpr.br\/portarias\/wp-content\/uploads\/pcp\/PROGEPE\/2014\/8767PR.pdf\" style=\"border-radius:0px\" target=\"_blank\" rel=\"noreferrer noopener\">Acesse o arquivo da portaria<\/a><\/div><\/div>\n","protected":false},"excerpt":{"rendered":"<p>Conceder o Incentivo \u00e0 Qualifica\u00e7\u00e3o no percentual de 30 (trinta) por cento, a partir de 07 de agosto de 2014, \u00e0 servidora MARCIA PONS MADRUGA \u2013 202650, ocupante do cargo de Secret\u00e1rio Executivo, lotada no Gabinete da Dire\u00e7\u00e3o do Setor Litoral, tendo em vista ter apresentado certificado de conclus\u00e3o do Curso de Gest\u00e3o P\u00fablica em n\u00edvel de P\u00f3s-Gradua\u00e7\u00e3o, emitido pela Faculdades de Administra\u00e7\u00e3o, Ci\u00eancias, Educa\u00e7\u00e3o e Letras.  {&#8220;height&#8221;:&#8221;15px&#8221;} <\/p>\n<div style=\"height:15px\" aria-hidden=\"true\" class=\"wp-block-spacer\"> <!-- \/wp:spacer  {\"layout\":{\"type\":\"flex\",\"justifyContent\":\"right\"}} \n\n<div class=\"wp-block-buttons\"><!-- wp:button {\"style\":{\"border\":{\"radius\":\"0px\"}},\"className\":\"is-style-outline\",\"fontSize\":\"small\"} \n\n<div class=\"wp-block-button has-custom-font-size is-style-outline has-small-font-size\"><a class=\"wp-block-button__link\" href=\"https:\/\/progepe.ufpr.br\/portarias\/wp-content\/uploads\/pcp\/PROGEPE\/2014\/8767PR.pdf\" style=\"border-radius:0px\" target=\"_blank\" rel=\"noreferrer noopener\">Acesse o\n<\/p>\n","protected":false},"author":41,"featured_media":0,"comment_status":"closed","ping_status":"open","sticky":false,"template":"wp-custom-template-emissao-entre-01-05-2004-ate-30-06-2017","format":"standard","meta":{"_acf_changed":false,"iawp_total_views":0,"footnotes":""},"categories":[116],"tags":[142],"class_list":["post-106499","post","type-post","status-publish","format-standard","hentry","category-progepe","tag-incentivo-qualificacao"],"acf":[],"_links":{"self":[{"href":"https:\/\/progepe.ufpr.br\/portarias\/wp-json\/wp\/v2\/posts\/106499","targetHints":{"allow":["GET"]}}],"collection":[{"href":"https:\/\/progepe.ufpr.br\/portarias\/wp-json\/wp\/v2\/posts"}],"about":[{"href":"https:\/\/progepe.ufpr.br\/portarias\/wp-json\/wp\/v2\/types\/post"}],"author":[{"embeddable":true,"href":"https:\/\/progepe.ufpr.br\/portarias\/wp-json\/wp\/v2\/users\/41"}],"replies":[{"embeddable":true,"href":"https:\/\/progepe.ufpr.br\/portarias\/wp-json\/wp\/v2\/comments?post=106499"}],"version-history":[{"count":1,"href":"https:\/\/progepe.ufpr.br\/portarias\/wp-json\/wp\/v2\/posts\/106499\/revisions"}],"predecessor-version":[{"id":150451,"href":"https:\/\/progepe.ufpr.br\/portarias\/wp-json\/wp\/v2\/posts\/106499\/revisions\/150451"}],"wp:attachment":[{"href":"https:\/\/progepe.ufpr.br\/portarias\/wp-json\/wp\/v2\/media?parent=106499"}],"wp:term":[{"taxonomy":"category","embeddable":true,"href":"https:\/\/progepe.ufpr.br\/portarias\/wp-json\/wp\/v2\/categories?post=106499"},{"taxonomy":"post_tag","embeddable":true,"href":"https:\/\/progepe.ufpr.br\/portarias\/wp-json\/wp\/v2\/tags?post=106499"}],"curies":[{"name":"wp","href":"https:\/\/api.w.org\/{rel}","templated":true}]}}