{"id":106611,"date":"2014-01-29T10:09:00","date_gmt":"2014-01-29T12:09:00","guid":{"rendered":"http:\/\/progepe.ufpr.br\/portarias\/progepe-2014-05595\/"},"modified":"2024-07-09T11:17:30","modified_gmt":"2024-07-09T14:17:30","slug":"progepe-2014-05595","status":"publish","type":"post","link":"https:\/\/progepe.ufpr.br\/portarias\/progepe-2014-05595\/","title":{"rendered":"PORTARIA N\u00ba 05595\/PROGEPE, DE 29 DE JANEIRO DE 2014"},"content":{"rendered":"\n<p style=\"padding-left:43%\">O Pr\u00f3-Reitor de Gest\u00e3o de Pessoas da Universidade Federal do Paran\u00e1, no uso de suas atribui\u00e7\u00f5es, tendo em vista a compet\u00eancia que lhe \u00e9 conferida pela Portaria n\u00ba 2.590, de 26 de setembro de 1997, o que consta no artigo 9\u00ba, inciso I da Lei n\u00ba 8.112\/90 e de acordo com a Portaria Normativa Interministerial MP\/MEC n\u00ba 22, de 30.04.2007, publicada no DOU de 02.05.2007; retificada pela Portaria Normativa Interministerial MP\/MEC n\u00ba 224, de 23.07.2007, publicada no DOU de 24.07.2007; e no Decreto n\u00ba 7485 de 18.05.2011, publicado no DOU de 19.05.2011; atualizado pela Portaria Interministerial MP\/MEC n\u00ba 182 de 20.05.2013, publicada no DOU de 21.05.2013; Lei n\u00ba 12.772 de 28.12.2012, publicada no DOU de 31.12.2012; e, ainda o contido no processo n\u00ba 054851\/2013-27,<\/p>\n\n\n\n<p style=\"padding-left:43%\"><strong>RESOLVE:<\/strong><\/p>\n\n\n\n<p>I. Nomear em car\u00e1ter efetivo, TOMAS SPARANO MARTINS, habilitado em concurso p\u00fablico de provas e t\u00edtulos, homologado em 28.11.2013, para o cargo de Professor do Grupo Magist\u00e9rio Superior, classe A, Adjunto A, n\u00edvel I, em regime de trabalho de 20 (vinte) horas semanais, \u00e1rea de Conhecimento Fundamentos do Marketing, Departamento de Administra\u00e7\u00e3o Geral e Aplicada, Setor de Ci\u00eancias Sociais Aplicadas,  na vaga de c\u00f3digo n\u00ba 263273.<\/p>\n\n\n\n<p>II. Conceder retribui\u00e7\u00e3o por titula\u00e7\u00e3o, de acordo com o Artigo 16, Inciso II e Art. 17 da Lei n\u00ba 12.772\/, de 28.12.2012, Publicada no DOU de 31.12.2012, a partir da data de exerc\u00edcio, tendo em vista possuir o t\u00edtulo de Doutor em Administra\u00e7\u00e3o.<\/p>\n","protected":false},"excerpt":{"rendered":"<p>I. Nomear em car\u00e1ter efetivo, TOMAS SPARANO MARTINS, habilitado em concurso p\u00fablico de provas e t\u00edtulos, homologado em 28.11.2013, para o cargo de Professor do Grupo Magist\u00e9rio Superior, classe A, Adjunto A, n\u00edvel I, em regime de trabalho de 20 (vinte) horas semanais, \u00e1rea de Conhecimento Fundamentos do Marketing, Departamento de Administra\u00e7\u00e3o Geral e Aplicada, Setor de Ci\u00eancias Sociais Aplicadas, na vaga de c\u00f3digo n\u00ba 263273.  II. Conceder retribui\u00e7\u00e3o por titula\u00e7\u00e3o, de acordo com o Artigo 16, Inciso II e Art. 17 da Lei n\u00ba 12.772\/, de 28.12.2012, Publicada no DOU de 31.12.2012, a partir da data<\/p>\n","protected":false},"author":41,"featured_media":0,"comment_status":"closed","ping_status":"open","sticky":false,"template":"","format":"standard","meta":{"_acf_changed":false,"iawp_total_views":0,"footnotes":""},"categories":[116],"tags":[121,147],"class_list":["post-106611","post","type-post","status-publish","format-standard","hentry","category-progepe","tag-nomeacao","tag-retribuicao-titulacao"],"acf":[],"_links":{"self":[{"href":"https:\/\/progepe.ufpr.br\/portarias\/wp-json\/wp\/v2\/posts\/106611","targetHints":{"allow":["GET"]}}],"collection":[{"href":"https:\/\/progepe.ufpr.br\/portarias\/wp-json\/wp\/v2\/posts"}],"about":[{"href":"https:\/\/progepe.ufpr.br\/portarias\/wp-json\/wp\/v2\/types\/post"}],"author":[{"embeddable":true,"href":"https:\/\/progepe.ufpr.br\/portarias\/wp-json\/wp\/v2\/users\/41"}],"replies":[{"embeddable":true,"href":"https:\/\/progepe.ufpr.br\/portarias\/wp-json\/wp\/v2\/comments?post=106611"}],"version-history":[{"count":6,"href":"https:\/\/progepe.ufpr.br\/portarias\/wp-json\/wp\/v2\/posts\/106611\/revisions"}],"predecessor-version":[{"id":256491,"href":"https:\/\/progepe.ufpr.br\/portarias\/wp-json\/wp\/v2\/posts\/106611\/revisions\/256491"}],"wp:attachment":[{"href":"https:\/\/progepe.ufpr.br\/portarias\/wp-json\/wp\/v2\/media?parent=106611"}],"wp:term":[{"taxonomy":"category","embeddable":true,"href":"https:\/\/progepe.ufpr.br\/portarias\/wp-json\/wp\/v2\/categories?post=106611"},{"taxonomy":"post_tag","embeddable":true,"href":"https:\/\/progepe.ufpr.br\/portarias\/wp-json\/wp\/v2\/tags?post=106611"}],"curies":[{"name":"wp","href":"https:\/\/api.w.org\/{rel}","templated":true}]}}