{"id":106612,"date":"2014-01-29T10:10:00","date_gmt":"2014-01-29T12:10:00","guid":{"rendered":"http:\/\/progepe.ufpr.br\/portarias\/progepe-2014-05596\/"},"modified":"2023-08-03T11:52:05","modified_gmt":"2023-08-03T14:52:05","slug":"progepe-2014-05596","status":"publish","type":"post","link":"https:\/\/progepe.ufpr.br\/portarias\/progepe-2014-05596\/","title":{"rendered":"PORTARIA N\u00ba 05596\/PROGEPE, DE 29 DE JANEIRO DE 2014"},"content":{"rendered":"\n<p>O Pr\u00f3-Reitor de Gest\u00e3o de Pessoas da Universidade Federal do Paran\u00e1, no uso de suas atribui\u00e7\u00f5es, tendo em vista a compet\u00eancia que lhe \u00e9 conferida pela Portaria n\u00ba 2.590, de 26 de setembro de 1997, o que consta no artigo 9\u00ba, inciso I da Lei n\u00ba 8.112\/90 e de acordo com a Portaria Normativa Interministerial MP\/MEC n\u00ba 22, de 30.04.2007, publicada no DOU de 02.05.2007; retificada pela Portaria Normativa Interministerial MP\/MEC n\u00ba 224, de 23.07.2007, publicada no DOU de 24.07.2007; e no Decreto n\u00ba 7485 de 18.05.2011, publicado no DOU de 19.05.2011; atualizado pela Portaria Interministerial MP\/MEC n\u00ba 461 de 20.11.2013, publicada no DOU de 21.11.2013; e, ainda o contido no processo n\u00ba 055250\/2013-31,<\/p>\n\n\n<p><strong>RESOLVE:<\/strong><\/p>\n\n\n<p>I. Nomear em car\u00e1ter efetivo, RAFAEL GERMANO DAL MOLIN FILHO, habilitado em concurso p\u00fablico de provas e t\u00edtulos, homologado em 15.01.2014, para o cargo de Professor do Grupo Magist\u00e9rio Superior, classe A, Assistente A, n\u00edvel I, em regime de trabalho de Dedica\u00e7\u00e3o Exclusiva, \u00e1rea de Conhecimento Engenharia da Produ\u00e7\u00e3o, Campus Avan\u00e7ado de Jandaia do Sul da Universidade Federal do Paran\u00e1,  na vaga de c\u00f3digo n\u00ba 925066.<\/p><p> II. Conceder retribui\u00e7\u00e3o por titula\u00e7\u00e3o, de acordo com o Artigo 16, Inciso II e Art. 17 da Lei n\u00ba 12.772\/, de 28.12.2012, Publicada no DOU de 31.12.2012, a partir da data de exerc\u00edcio, tendo em vista possuir o t\u00edtulo de Mestre em Engenharia Urbana.<\/p><p><\/p>\n\n\n<div style=\"height:15px\" aria-hidden=\"true\" class=\"wp-block-spacer\"><\/div>\n\n\n<div class=\"wp-block-buttons is-content-justification-right is-layout-flex wp-container-core-buttons-is-layout-1 wp-block-buttons-is-layout-flex\">\n<div class=\"wp-block-button has-custom-font-size is-style-outline has-small-font-size is-style-outline--1\"><a class=\"wp-block-button__link\" href=\"https:\/\/progepe.ufpr.br\/portarias\/wp-content\/uploads\/pcp\/PROGEPE\/2014\/5596PR.pdf\" style=\"border-radius:0px\" target=\"_blank\" rel=\"noreferrer noopener\">Acesse o arquivo da portaria<\/a><\/div><\/div>\n","protected":false},"excerpt":{"rendered":"<p>I. Nomear em car\u00e1ter efetivo, RAFAEL GERMANO DAL MOLIN FILHO, habilitado em concurso p\u00fablico de provas e t\u00edtulos, homologado em 15.01.2014, para o cargo de Professor do Grupo Magist\u00e9rio Superior, classe A, Assistente A, n\u00edvel I, em regime de trabalho de Dedica\u00e7\u00e3o Exclusiva, \u00e1rea de Conhecimento Engenharia da Produ\u00e7\u00e3o, Campus Avan\u00e7ado de Jandaia do Sul da Universidade Federal do Paran\u00e1, na vaga de c\u00f3digo n\u00ba 925066. II. Conceder retribui\u00e7\u00e3o por titula\u00e7\u00e3o, de acordo com o Artigo 16, Inciso II e Art. 17 da Lei n\u00ba 12.772\/, de 28.12.2012, Publicada no DOU de 31.12.2012, a partir da data de<\/p>\n","protected":false},"author":41,"featured_media":0,"comment_status":"closed","ping_status":"open","sticky":false,"template":"wp-custom-template-emissao-entre-01-05-2004-ate-30-06-2017","format":"standard","meta":{"_acf_changed":false,"iawp_total_views":0,"footnotes":""},"categories":[116],"tags":[121],"class_list":["post-106612","post","type-post","status-publish","format-standard","hentry","category-progepe","tag-nomeacao"],"acf":[],"_links":{"self":[{"href":"https:\/\/progepe.ufpr.br\/portarias\/wp-json\/wp\/v2\/posts\/106612","targetHints":{"allow":["GET"]}}],"collection":[{"href":"https:\/\/progepe.ufpr.br\/portarias\/wp-json\/wp\/v2\/posts"}],"about":[{"href":"https:\/\/progepe.ufpr.br\/portarias\/wp-json\/wp\/v2\/types\/post"}],"author":[{"embeddable":true,"href":"https:\/\/progepe.ufpr.br\/portarias\/wp-json\/wp\/v2\/users\/41"}],"replies":[{"embeddable":true,"href":"https:\/\/progepe.ufpr.br\/portarias\/wp-json\/wp\/v2\/comments?post=106612"}],"version-history":[{"count":1,"href":"https:\/\/progepe.ufpr.br\/portarias\/wp-json\/wp\/v2\/posts\/106612\/revisions"}],"predecessor-version":[{"id":150564,"href":"https:\/\/progepe.ufpr.br\/portarias\/wp-json\/wp\/v2\/posts\/106612\/revisions\/150564"}],"wp:attachment":[{"href":"https:\/\/progepe.ufpr.br\/portarias\/wp-json\/wp\/v2\/media?parent=106612"}],"wp:term":[{"taxonomy":"category","embeddable":true,"href":"https:\/\/progepe.ufpr.br\/portarias\/wp-json\/wp\/v2\/categories?post=106612"},{"taxonomy":"post_tag","embeddable":true,"href":"https:\/\/progepe.ufpr.br\/portarias\/wp-json\/wp\/v2\/tags?post=106612"}],"curies":[{"name":"wp","href":"https:\/\/api.w.org\/{rel}","templated":true}]}}