{"id":10701,"date":"2019-10-18T05:05:00","date_gmt":"2019-10-18T08:05:00","guid":{"rendered":"http:\/\/progepe.ufpr.br\/portal\/?post_type=portarias&#038;p=10701"},"modified":"2023-08-03T13:16:23","modified_gmt":"2023-08-03T16:16:23","slug":"rt-2019-00974","status":"publish","type":"post","link":"https:\/\/progepe.ufpr.br\/portarias\/rt-2019-00974\/","title":{"rendered":"PORTARIA N\u00ba 00974\/REITORIA, DE 17 DE OUTUBRO DE 2019"},"content":{"rendered":"\n<p><strong>O Reitor da Universidade Federal do Paran\u00e1, <\/strong>no uso de suas atribui\u00e7\u00f5es e tendo em vista o que consta no processo n\u00ba 23075.074066\/2019-86, <\/p>\n\n\n\n<p>RESOLVE: <\/p>\n\n\n\n<p>Designar a servidora CLAUDIA REGINA BAUKAT SILVEIRA MOREIRA &#8211; 3081337,\nProfessora, para substituir a servidora&nbsp;ANDREA BARBOSA GOUVEIA &#8211; 2208745,\nProfessora, como representante do Setor de Educa\u00e7\u00e3o junto a Comiss\u00e3o Permanente\nde Pessoal Docente &#8211; CPPD, por 02 (dois) anos, a partir de&nbsp; 11 de outubro\nde 2019.<\/p>\n\n\n\n<p style=\"text-align:right\"><strong>RICARDO MARCELO FONSECA<\/strong><\/p>\n","protected":false},"excerpt":{"rendered":"<p>O Reitor da Universidade Federal do Paran\u00e1, no uso de suas atribui\u00e7\u00f5es e tendo em vista o que consta no processo n\u00ba 23075.074066\/2019-86, RESOLVE: Designar a servidora CLAUDIA REGINA BAUKAT SILVEIRA MOREIRA &#8211; 3081337, Professora, para substituir a servidora&nbsp;ANDREA BARBOSA GOUVEIA &#8211; 2208745, Professora, como representante do Setor de Educa\u00e7\u00e3o junto a Comiss\u00e3o Permanente de [&hellip;]<\/p>\n","protected":false},"author":50,"featured_media":0,"comment_status":"closed","ping_status":"closed","sticky":false,"template":"","format":"standard","meta":{"_acf_changed":false,"iawp_total_views":1,"footnotes":""},"categories":[117],"tags":[126],"class_list":["post-10701","post","type-post","status-publish","format-standard","hentry","category-rt","tag-representante"],"acf":[],"_links":{"self":[{"href":"https:\/\/progepe.ufpr.br\/portarias\/wp-json\/wp\/v2\/posts\/10701","targetHints":{"allow":["GET"]}}],"collection":[{"href":"https:\/\/progepe.ufpr.br\/portarias\/wp-json\/wp\/v2\/posts"}],"about":[{"href":"https:\/\/progepe.ufpr.br\/portarias\/wp-json\/wp\/v2\/types\/post"}],"author":[{"embeddable":true,"href":"https:\/\/progepe.ufpr.br\/portarias\/wp-json\/wp\/v2\/users\/50"}],"replies":[{"embeddable":true,"href":"https:\/\/progepe.ufpr.br\/portarias\/wp-json\/wp\/v2\/comments?post=10701"}],"version-history":[{"count":1,"href":"https:\/\/progepe.ufpr.br\/portarias\/wp-json\/wp\/v2\/posts\/10701\/revisions"}],"predecessor-version":[{"id":190667,"href":"https:\/\/progepe.ufpr.br\/portarias\/wp-json\/wp\/v2\/posts\/10701\/revisions\/190667"}],"wp:attachment":[{"href":"https:\/\/progepe.ufpr.br\/portarias\/wp-json\/wp\/v2\/media?parent=10701"}],"wp:term":[{"taxonomy":"category","embeddable":true,"href":"https:\/\/progepe.ufpr.br\/portarias\/wp-json\/wp\/v2\/categories?post=10701"},{"taxonomy":"post_tag","embeddable":true,"href":"https:\/\/progepe.ufpr.br\/portarias\/wp-json\/wp\/v2\/tags?post=10701"}],"curies":[{"name":"wp","href":"https:\/\/api.w.org\/{rel}","templated":true}]}}