{"id":107066,"date":"2014-09-23T10:03:00","date_gmt":"2014-09-23T13:03:00","guid":{"rendered":"http:\/\/progepe.ufpr.br\/portarias\/progepe-2014-08662\/"},"modified":"2023-08-03T11:57:16","modified_gmt":"2023-08-03T14:57:16","slug":"progepe-2014-08662","status":"publish","type":"post","link":"https:\/\/progepe.ufpr.br\/portarias\/progepe-2014-08662\/","title":{"rendered":"PORTARIA N\u00ba 08662\/PROGEPE, DE 23 DE SETEMBRO DE 2014"},"content":{"rendered":"\n<p>O Pr\u00f3-Reitor de Gest\u00e3o de Pessoas da Universidade Federal do Paran\u00e1, em exerc\u00edcio, no uso de suas atribui\u00e7\u00f5es, tendo em vista a compet\u00eancia que lhe \u00e9 conferida pela Portaria n\u00ba 2.590, de 26 de setembro de 1997 e considerando o contido no processo n\u00ba 032266\/2014-57,<\/p>\n\n\n<p><strong>RESOLVE:<\/strong><\/p>\n\n\n<p>Conceder pens\u00e3o vital\u00edcia, a partir de 03 de agosto de 2014, data do falecimento de HEITOR JORGE DE ARAUJO \u2013 339062, CPF n\u00ba \u275a\u275a\u275a.\u275a\u275a\u275a.\u275a\u275a\u275a-\u275a\u275a, nos termos do Art. 217, inciso I, al\u00ednea a da Lei n\u00ba 8.112\/90, \u00e0 c\u00f4njuge IVONETE ALVES DE ARAUJO, CPF n\u00ba \u275a\u275a\u275a.\u275a\u275a\u275a.\u275a\u275a\u275a-\u275a\u275a, calculado com base nos proventos percebido pelo ex-servidor, na categoria funcional de T\u00e9cnico em Artes Gr\u00e1ficas, n\u00edvel de classifica\u00e7\u00e3o D, n\u00edvel de capacita\u00e7\u00e3o I, padr\u00e3o de vencimento 16, em regime de trabalho de 40 (quarenta) horas semanais, na forma preceituada nos \u00a7 7\u00ba e 18 do Art. 40 da E.C. 41\/03 c\/c Art. 2\u00ba da Lei n\u00ba 10.887\/04.<\/p><p><\/p>\n\n\n<div style=\"height:15px\" aria-hidden=\"true\" class=\"wp-block-spacer\"><\/div>\n\n\n<div class=\"wp-block-buttons is-content-justification-right is-layout-flex wp-container-core-buttons-is-layout-1 wp-block-buttons-is-layout-flex\">\n<div class=\"wp-block-button has-custom-font-size is-style-outline has-small-font-size is-style-outline--1\"><a class=\"wp-block-button__link\" href=\"https:\/\/progepe.ufpr.br\/portarias\/wp-content\/uploads\/pcp\/PROGEPE\/2014\/8662PR.pdf\" style=\"border-radius:0px\" target=\"_blank\" rel=\"noreferrer noopener\">Acesse o arquivo da portaria<\/a><\/div><\/div>\n","protected":false},"excerpt":{"rendered":"<p>Conceder pens\u00e3o vital\u00edcia, a partir de 03 de agosto de 2014, data do falecimento de HEITOR JORGE DE ARAUJO \u2013 339062, CPF n\u00ba \u275a\u275a\u275a.\u275a\u275a\u275a.\u275a\u275a\u275a-\u275a\u275a, nos termos do Art. 217, inciso I, al\u00ednea a da Lei n\u00ba 8.112\/90, \u00e0 c\u00f4njuge IVONETE ALVES DE ARAUJO, CPF n\u00ba \u275a\u275a\u275a.\u275a\u275a\u275a.\u275a\u275a\u275a-\u275a\u275a, calculado com base nos proventos percebido pelo ex-servidor, na categoria funcional de T\u00e9cnico em Artes Gr\u00e1ficas, n\u00edvel de classifica\u00e7\u00e3o D, n\u00edvel de capacita\u00e7\u00e3o I, padr\u00e3o de vencimento 16, em regime de trabalho de 40 (quarenta) horas semanais, na forma preceituada nos \u00a7 7\u00ba e 18 do Art. 40 da E.C. 41\/03 c\/c<\/p>\n","protected":false},"author":41,"featured_media":0,"comment_status":"closed","ping_status":"open","sticky":false,"template":"wp-custom-template-emissao-entre-01-05-2004-ate-30-06-2017","format":"standard","meta":{"_acf_changed":false,"iawp_total_views":0,"footnotes":""},"categories":[116],"tags":[145],"class_list":["post-107066","post","type-post","status-publish","format-standard","hentry","category-progepe","tag-pensao"],"acf":[],"_links":{"self":[{"href":"https:\/\/progepe.ufpr.br\/portarias\/wp-json\/wp\/v2\/posts\/107066","targetHints":{"allow":["GET"]}}],"collection":[{"href":"https:\/\/progepe.ufpr.br\/portarias\/wp-json\/wp\/v2\/posts"}],"about":[{"href":"https:\/\/progepe.ufpr.br\/portarias\/wp-json\/wp\/v2\/types\/post"}],"author":[{"embeddable":true,"href":"https:\/\/progepe.ufpr.br\/portarias\/wp-json\/wp\/v2\/users\/41"}],"replies":[{"embeddable":true,"href":"https:\/\/progepe.ufpr.br\/portarias\/wp-json\/wp\/v2\/comments?post=107066"}],"version-history":[{"count":1,"href":"https:\/\/progepe.ufpr.br\/portarias\/wp-json\/wp\/v2\/posts\/107066\/revisions"}],"predecessor-version":[{"id":151018,"href":"https:\/\/progepe.ufpr.br\/portarias\/wp-json\/wp\/v2\/posts\/107066\/revisions\/151018"}],"wp:attachment":[{"href":"https:\/\/progepe.ufpr.br\/portarias\/wp-json\/wp\/v2\/media?parent=107066"}],"wp:term":[{"taxonomy":"category","embeddable":true,"href":"https:\/\/progepe.ufpr.br\/portarias\/wp-json\/wp\/v2\/categories?post=107066"},{"taxonomy":"post_tag","embeddable":true,"href":"https:\/\/progepe.ufpr.br\/portarias\/wp-json\/wp\/v2\/tags?post=107066"}],"curies":[{"name":"wp","href":"https:\/\/api.w.org\/{rel}","templated":true}]}}