{"id":107231,"date":"2014-01-30T10:04:00","date_gmt":"2014-01-30T12:04:00","guid":{"rendered":"http:\/\/progepe.ufpr.br\/portarias\/progepe-2014-05616\/"},"modified":"2024-07-09T11:38:03","modified_gmt":"2024-07-09T14:38:03","slug":"progepe-2014-05616","status":"publish","type":"post","link":"https:\/\/progepe.ufpr.br\/portarias\/progepe-2014-05616\/","title":{"rendered":"PORTARIA N\u00ba 05616\/PROGEPE, DE 30 DE JANEIRO DE 2014"},"content":{"rendered":"\n<p style=\"padding-left:43%\">O Pr\u00f3-Reitor de Gest\u00e3o de Pessoas da Universidade Federal do Paran\u00e1, no uso de suas atribui\u00e7\u00f5es, tendo em vista a compet\u00eancia que lhe \u00e9 conferida pela Portaria n\u00ba 2.590, de 26 de setembro de 1997, considerando o que consta na Resolu\u00e7\u00e3o n\u00ba 08\/2012-CEPE, e ainda o que consta no processo n\u00ba 047590\/2013-62,<\/p>\n\n\n\n<p style=\"padding-left:43%\"><strong>RESOLVE:<\/strong><\/p>\n\n\n\n<p>I. Conceder progress\u00e3o funcional \u00e0 Professora IZABEL DO ROCIO COSTA FERREIRA &#8211; 125598, lotada no Setor de Educa\u00e7\u00e3o Profissional e Tecnol\u00f3gica, do n\u00edvel 3-04 para o n\u00edvel 4-01 da classe D, conforme parecer da CPPD na avalia\u00e7\u00e3o de desempenho, a partir de 27 de novembro 2013.<\/p>\n\n\n\n<p>II. A progress\u00e3o subsequente ser\u00e1 a partir de 27 de novembro de 2015.<\/p>\n","protected":false},"excerpt":{"rendered":"<p>I. Conceder progress\u00e3o funcional \u00e0 Professora IZABEL DO ROCIO COSTA FERREIRA &#8211; 125598, lotada no Setor de Educa\u00e7\u00e3o Profissional e Tecnol\u00f3gica, do n\u00edvel 3-04 para o n\u00edvel 4-01 da classe D, conforme parecer da CPPD na avalia\u00e7\u00e3o de desempenho, a partir de 27 de novembro 2013.  II. A progress\u00e3o subsequente ser\u00e1 a partir de 27 de novembro de 2015.<\/p>\n","protected":false},"author":41,"featured_media":0,"comment_status":"closed","ping_status":"open","sticky":false,"template":"","format":"standard","meta":{"_acf_changed":false,"iawp_total_views":0,"footnotes":""},"categories":[116],"tags":[143],"class_list":["post-107231","post","type-post","status-publish","format-standard","hentry","category-progepe","tag-progressao-promocao"],"acf":[],"_links":{"self":[{"href":"https:\/\/progepe.ufpr.br\/portarias\/wp-json\/wp\/v2\/posts\/107231","targetHints":{"allow":["GET"]}}],"collection":[{"href":"https:\/\/progepe.ufpr.br\/portarias\/wp-json\/wp\/v2\/posts"}],"about":[{"href":"https:\/\/progepe.ufpr.br\/portarias\/wp-json\/wp\/v2\/types\/post"}],"author":[{"embeddable":true,"href":"https:\/\/progepe.ufpr.br\/portarias\/wp-json\/wp\/v2\/users\/41"}],"replies":[{"embeddable":true,"href":"https:\/\/progepe.ufpr.br\/portarias\/wp-json\/wp\/v2\/comments?post=107231"}],"version-history":[{"count":2,"href":"https:\/\/progepe.ufpr.br\/portarias\/wp-json\/wp\/v2\/posts\/107231\/revisions"}],"predecessor-version":[{"id":256508,"href":"https:\/\/progepe.ufpr.br\/portarias\/wp-json\/wp\/v2\/posts\/107231\/revisions\/256508"}],"wp:attachment":[{"href":"https:\/\/progepe.ufpr.br\/portarias\/wp-json\/wp\/v2\/media?parent=107231"}],"wp:term":[{"taxonomy":"category","embeddable":true,"href":"https:\/\/progepe.ufpr.br\/portarias\/wp-json\/wp\/v2\/categories?post=107231"},{"taxonomy":"post_tag","embeddable":true,"href":"https:\/\/progepe.ufpr.br\/portarias\/wp-json\/wp\/v2\/tags?post=107231"}],"curies":[{"name":"wp","href":"https:\/\/api.w.org\/{rel}","templated":true}]}}