{"id":10731,"date":"2019-10-18T05:01:00","date_gmt":"2019-10-18T08:01:00","guid":{"rendered":"http:\/\/progepe.ufpr.br\/portal\/?post_type=portarias&#038;p=10731"},"modified":"2023-08-03T13:16:23","modified_gmt":"2023-08-03T16:16:23","slug":"rt-2019-00947","status":"publish","type":"post","link":"https:\/\/progepe.ufpr.br\/portarias\/rt-2019-00947\/","title":{"rendered":"PORTARIA N\u00ba 00947\/REITORIA, DE 15 DE OUTUBRO DE 2019"},"content":{"rendered":"\n<p><strong>O Reitor da\nUniversidade Federal do Paran\u00e1, <\/strong>no uso de suas atribui\u00e7\u00f5es e tendo em vista o que consta\nno processo n\u00ba 23075.038899\/2019-83,<\/p>\n\n\n\n<p>RESOLVE:<\/p>\n\n\n\n<p>Designar para compor o Conselho Editorial da\nEditora UFPR (2019-2021), os seguintes membros:<\/p>\n\n\n\n<p><strong>SETOR\nDE ARTES COMUNICA\u00c7\u00c3O E DESIGN<\/strong><\/p>\n\n\n\n<p><strong>Titular:<\/strong><strong> <\/strong>JO\u00c3O\nDAMASCENO MARTINS LADEIRA &#8211; 3121156<\/p>\n\n\n\n<p><strong>Suplente:<\/strong><strong> <\/strong>ZELIA\nMARIA MARQUES CHUEKE &#8211; 1482348<\/p>\n\n\n\n<p><strong>SETOR DE CI\u00caNCIAS AGR\u00c1RIAS<\/strong><\/p>\n\n\n\n<p><strong>Titular:<\/strong>\nCRISTINA GON\u00c7ALVES DE MENDON\u00c7A &#8211; 1616133<\/p>\n\n\n\n<p><strong>Suplente:<\/strong>\nSAMIR PAULO JASPER &#8211; 2141061<\/p>\n\n\n\n<p><strong>SETOR DE CI\u00caNCIAS BIOL\u00d3GICAS<\/strong><\/p>\n\n\n\n<p><strong>Titular:<\/strong>\nIDA CHAPAVAL PIMENTEL &#8211; 344123<\/p>\n\n\n\n<p><strong>Suplente:<\/strong>\nRENATO GOLDENBERG &#8211; 1283997<\/p>\n\n\n\n<p><strong>SETOR DE CI\u00caNCIAS DA SA\u00daDE<\/strong><\/p>\n\n\n\n<p><strong>Titular:<\/strong>\nR\u00daBIA CARLA FORMIGHIERI GIORDANI &#8211; 2228567<\/p>\n\n\n\n<p><strong>Suplente:<\/strong>\nBEATRIZ ELIZABETH BAGATIN VELEDA BERMUDEZ &#8211; 2361652<\/p>\n\n\n\n<p><strong>SETOR DE CI\u00caNCIAS DA TERRA<\/strong><\/p>\n\n\n\n<p><strong>Titular:<\/strong>\nMARIA APARECIDA ZEHNPFENNIG ZANETTI &#8211; 342707<\/p>\n\n\n\n<p><strong>Suplente:<\/strong>\nEVERTON PASSOS &#8211; 341526<\/p>\n\n\n\n<p><strong>SETOR DE CI\u00caNCIAS EXATAS<\/strong><\/p>\n\n\n\n<p><strong>Titular:<\/strong>\nSERGIO LUIZ MEISTER BERLEZE &#8211; 342771<\/p>\n\n\n\n<p><strong>Suplente:<\/strong>\nJOSE CARLOS CIFUENTES VASQUEZ &#8211; 2169963<\/p>\n\n\n\n<p><strong>SETOR DE CI\u00caNCIAS HUMANAS<\/strong><\/p>\n\n\n\n<p><strong>Titular:<\/strong>\nFERNANDO CERISARA GIL &#8211; 1127277<\/p>\n\n\n\n<p><strong>Suplente:<\/strong>\nRAFAEL FARACO BENTHIEN &#8211; 2528679<\/p>\n\n\n\n<p><strong>SETOR DE CI\u00caNCIAS JUR\u00cdDICAS<\/strong><\/p>\n\n\n\n<p><strong>Titular:<\/strong>\nMIGUEL GUALANO DE GODOY &#8211; 3128760<\/p>\n\n\n\n<p><strong>Suplente:<\/strong>\nTHIAGO FREITAS HANSEN &#8211; 1186958<\/p>\n\n\n\n<p><strong>SETOR DE CI\u00caNCIAS SOCIAIS APLICADAS<\/strong><\/p>\n\n\n\n<p><strong>Titular:<\/strong>\nJANE MENDES FERREIRA FERNANDES &#8211; 1868361<\/p>\n\n\n\n<p><strong>Suplente:<\/strong>\nIVAN COLANGELO SALOM\u00c3O &#8211; 1190739<\/p>\n\n\n\n<p><strong>SETOR DE EDUCA\u00c7\u00c3O<\/strong><\/p>\n\n\n\n<p><strong>Titular:<\/strong>\nANGELA MARIA HOFFMANN WALESKO &#8211; 1035970<\/p>\n\n\n\n<p><strong>Suplente:<\/strong>\nDANIELA DE OLIVEIRA PIRES &#8211; 1031807<\/p>\n\n\n\n<p><strong>SETOR DE EDUCA\u00c7\u00c3O PROFISSIONAL E TECNOL\u00d3GICA<\/strong><\/p>\n\n\n\n<p><strong>Titular:<\/strong>\nALLAN VALENZA DA SILVEIRA &#8211; 1733988<\/p>\n\n\n\n<p><strong>Suplente:<\/strong>\nPRILA LELIZA CALADO &#8211; 2362095<\/p>\n\n\n\n<p><strong>CAMPUS JANDAIA DO SUL<\/strong><\/p>\n\n\n\n<p><strong>Titular:<\/strong>\nEDUARDO TEIXEIRA DA SILVA &#8211; 344164<\/p>\n\n\n\n<p><strong>Suplente:<\/strong>\nJOSE EDUARDO PADILHA DE SOUSA &#8211; 2208864<\/p>\n\n\n\n<p><strong>CAMPUS TOLEDO<\/strong><\/p>\n\n\n\n<p><strong>Titular:<\/strong>\nKADIMA NAYARA TEIXEIRA &#8211; 2330781<\/p>\n\n\n\n<p><strong>Suplente:<\/strong>\nEDIVAN RODRIGO DE PAULA RAMOS &#8211; 1961265<\/p>\n\n\n\n<p><strong>SETOR DE TECNOLOGIA<\/strong><\/p>\n\n\n\n<p><strong>Titular:<\/strong>\nMARIA LUCIA MASSON &#8211; 342471<\/p>\n\n\n\n<p><strong>Suplente:<\/strong>\nADENISE LORENCI WOICIECHOWSKI &#8211; 1352758<\/p>\n\n\n\n<p><strong>SETOR LITORAL<\/strong><\/p>\n\n\n\n<p><strong>Titular:<\/strong>\nDIOMAR AUGUSTO DE QUADROS &#8211; 2187880<\/p>\n\n\n\n<p><strong>Suplente:<\/strong>\nEMERSON JOUCOSKI &#8211; 2365062<\/p>\n\n\n\n<p><strong>SETOR PALOTINA<\/strong><\/p>\n\n\n\n<p><strong>Titular:<\/strong>\nFABRICIO SCHWANZ DA SILVA &#8211; 2273475<\/p>\n\n\n\n<p><strong>Suplente:<\/strong>\nROBSON SIMPLICIO DE SOUSA &#8211; 1370898<\/p>\n\n\n\n<p style=\"text-align:right\">Ricardo\nMarcelo Fonseca<\/p>\n","protected":false},"excerpt":{"rendered":"<p>Designar para compor o Conselho Editorial da Editora UFPR (2019-2021), os seguintes membros:  <strong>SETOR DE ARTES COMUNICA\u00c7\u00c3O E DESIGN<\/strong>  <strong>Titular:<\/strong><strong> <\/strong>JO\u00c3O DAMASCENO MARTINS LADEIRA &#8211; 3121156  <strong>Suplente:<\/strong><strong> <\/strong>ZELIA MARIA MARQUES CHUEKE &#8211; 1482348  <strong>SETOR DE CI\u00caNCIAS AGR\u00c1RIAS<\/strong>  <strong>Titular:<\/strong> CRISTINA GON\u00c7ALVES DE MENDON\u00c7A &#8211; 1616133  <strong>Suplente:<\/strong> SAMIR PAULO JASPER &#8211; 2141061  <strong>SETOR DE CI\u00caNCIAS BIOL\u00d3GICAS<\/strong>  <strong>Titular:<\/strong> IDA CHAPAVAL PIMENTEL &#8211; 344123  <strong>Suplente:<\/strong> RENATO GOLDENBERG &#8211; 1283997  <strong>SETOR DE CI\u00caNCIAS DA SA\u00daDE<\/strong>  <strong>Titular:<\/strong> R\u00daBIA CARLA FORMIGHIERI GIORDANI &#8211; 2228567  <strong>Suplente:<\/strong> BEATRIZ ELIZABETH BAGATIN VELEDA BERMUDEZ &#8211; 2361652<\/p>\n","protected":false},"author":49,"featured_media":0,"comment_status":"closed","ping_status":"closed","sticky":false,"template":"","format":"standard","meta":{"_acf_changed":false,"iawp_total_views":0,"footnotes":""},"categories":[117],"tags":[119],"class_list":["post-10731","post","type-post","status-publish","format-standard","hentry","category-rt","tag-diversos"],"acf":[],"_links":{"self":[{"href":"https:\/\/progepe.ufpr.br\/portarias\/wp-json\/wp\/v2\/posts\/10731","targetHints":{"allow":["GET"]}}],"collection":[{"href":"https:\/\/progepe.ufpr.br\/portarias\/wp-json\/wp\/v2\/posts"}],"about":[{"href":"https:\/\/progepe.ufpr.br\/portarias\/wp-json\/wp\/v2\/types\/post"}],"author":[{"embeddable":true,"href":"https:\/\/progepe.ufpr.br\/portarias\/wp-json\/wp\/v2\/users\/49"}],"replies":[{"embeddable":true,"href":"https:\/\/progepe.ufpr.br\/portarias\/wp-json\/wp\/v2\/comments?post=10731"}],"version-history":[{"count":1,"href":"https:\/\/progepe.ufpr.br\/portarias\/wp-json\/wp\/v2\/posts\/10731\/revisions"}],"predecessor-version":[{"id":190670,"href":"https:\/\/progepe.ufpr.br\/portarias\/wp-json\/wp\/v2\/posts\/10731\/revisions\/190670"}],"wp:attachment":[{"href":"https:\/\/progepe.ufpr.br\/portarias\/wp-json\/wp\/v2\/media?parent=10731"}],"wp:term":[{"taxonomy":"category","embeddable":true,"href":"https:\/\/progepe.ufpr.br\/portarias\/wp-json\/wp\/v2\/categories?post=10731"},{"taxonomy":"post_tag","embeddable":true,"href":"https:\/\/progepe.ufpr.br\/portarias\/wp-json\/wp\/v2\/tags?post=10731"}],"curies":[{"name":"wp","href":"https:\/\/api.w.org\/{rel}","templated":true}]}}