{"id":10740,"date":"2019-10-18T05:02:00","date_gmt":"2019-10-18T08:02:00","guid":{"rendered":"http:\/\/progepe.ufpr.br\/portal\/?post_type=portarias&#038;p=10740"},"modified":"2024-04-29T14:52:38","modified_gmt":"2024-04-29T17:52:38","slug":"rt-2019-00948","status":"publish","type":"post","link":"https:\/\/progepe.ufpr.br\/portarias\/rt-2019-00948\/","title":{"rendered":"PORTARIA N\u00ba 00948\/REITORIA, DE 15 DE OUTUBRO DE 2019"},"content":{"rendered":"\n<p style=\"padding-left:43%\">O Reitor da Universidade Federal do Paran\u00e1, no uso de suas atribui\u00e7\u00f5es e tendo em vista a indica\u00e7\u00e3o de nomes pela Comiss\u00e3o Especial de Valida\u00e7\u00e3o de Autodeclara\u00e7\u00e3o de candidatos a processos seletivos da UFPR autoidentificados pretos ou pardos (CEV-PP), conforme disposto no \u00a7 2\u00ba do Art. 7\u00ba da Resolu\u00e7\u00e3o n\u00ba 20\/2017-CEPE; e, o que consta no processo n\u00ba 23075.070974\/2019-09,<\/p>\n\n\n\n<p style=\"padding-left:43%\"><strong>RESOLVE:<\/strong><\/p>\n\n\n\n<p>I. Designar para compor o cadastro de consultores para valida\u00e7\u00e3o de autodeclara\u00e7\u00e3o de candidatos pretos e pardos, os seguintes membros:<\/p>\n\n\n\n<ul class=\"has-small-font-size wp-block-list\">\n<li class=\"has-small-font-size\">ADILSON DE AMORIM<\/li>\n\n\n\n<li class=\"has-small-font-size\">ADRIANA INES DE PAULA &#8211; 1745830<\/li>\n\n\n\n<li class=\"has-small-font-size\">ANA PAULA NASCIMENTO LOUREN\u00c7O<\/li>\n\n\n\n<li class=\"has-small-font-size\">ANA LUCIA MATHIAS FERNANDES COELHO<\/li>\n\n\n\n<li>ANGELA COUTO MACHADO FONSECA &#8211; 2306631<\/li>\n\n\n\n<li>ANGELICA ROXINSKY DE CARVALHO<\/li>\n\n\n\n<li>BRUNA GIMENES FERREIRA ARROYO POGGERE &#8211; 1829712<\/li>\n\n\n\n<li>BRUNO SCOPEL &#8211; 2376589<\/li>\n\n\n\n<li>CAROLINA DOS ANJOS DE BORBA &#8211; 1227874<\/li>\n\n\n\n<li>CLAUDEMIR DO AMARAL<\/li>\n\n\n\n<li>CLAUDEMIRA VIEIRA GUSM\u00c3O LOPES &#8211; 2154017<\/li>\n\n\n\n<li>CLECI DA CRUZ MARTINS<\/li>\n\n\n\n<li>DEBORA EVELYN OLIMPIO<\/li>\n\n\n\n<li>DEBORA KAULE &#8211; 1537758<\/li>\n\n\n\n<li>DORA LUCIA DE LIMA BERTULIO<\/li>\n\n\n\n<li>EDICELIA MARIA DOS SANTOS SOUZA<\/li>\n\n\n\n<li>EDMUNDO SILVA NOVAES<\/li>\n\n\n\n<li>EMERSON URIZZI CERVI &#8211; 1624076<\/li>\n\n\n\n<li>FABIANE MOREIRA DA SILVA<\/li>\n\n\n\n<li>GABRIELA ISABEL REYES ORMENO &#8211; 2858714<\/li>\n\n\n\n<li>GISELE MINOZZO DOS SANTOS<\/li>\n\n\n\n<li>GRACIELE ALVES BABIUK &#8211; 2994089<\/li>\n\n\n\n<li>HELIANA NEVES HEMETERIO DOS SANTOS<\/li>\n\n\n\n<li>IVANETE PAULINO XAVIER RAIMUNDO &#8211; 343109<\/li>\n\n\n\n<li>IVANICE DE OLIVEIRA CANDIDO NERES &#8211; 1182640<\/li>\n\n\n\n<li>IZAQUE PEREIRA DE SOUZA<\/li>\n\n\n\n<li>JAIME TADEU DA SILVA<\/li>\n\n\n\n<li>JANE MARCIA MADUREIRA ARRUDA<\/li>\n\n\n\n<li>JO\u00c3O GABRIEL SANTANA<\/li>\n\n\n\n<li>JOSAFA MOREIRA DA CUNHA &#8211; 2082621<\/li>\n\n\n\n<li>JUDIT GOMES DA SILVA &#8211; 1257053<\/li>\n\n\n\n<li>JULIANA LISBOA<\/li>\n\n\n\n<li>KARIANNY APARECIDA GEROTTO DEL MOURO &#8211; 2240175<\/li>\n\n\n\n<li>KATYA REGINA ISAGUIRRE TORRES &#8211; 1920051<\/li>\n\n\n\n<li>KELVY KADGE OLIVEIRA NOGUEIRA &#8211; 1657720<\/li>\n\n\n\n<li>LARISSA LIZ ODRESKI RAMINA &#8211; 2974859<\/li>\n\n\n\n<li>LAURA CERETTA MOREIRA &#8211; 1066094<\/li>\n\n\n\n<li>LIGIA MARIA ROSSETTO &#8211; 1749692<\/li>\n\n\n\n<li>LI\u00c9GE TORRESAN MOREIRA<\/li>\n\n\n\n<li>LUCIMAR ROSA DIAS &#8211; 1305210 <\/li>\n\n\n\n<li>LUIS CARLOS DOS SANTOS<\/li>\n\n\n\n<li>MARGARIDA DE CASSIA CAMPOS<\/li>\n\n\n\n<li>MARIA DE LOURDES DE SOUZA<\/li>\n\n\n\n<li>MARIA PATRICIA CELESTINO DE OLIVEIRA<\/li>\n\n\n\n<li>MARIWANIA DE ARAUJO<\/li>\n\n\n\n<li>MEGG RAYARA GOMES DE OLIVEIRA &#8211; 2361658<\/li>\n\n\n\n<li>NATALIA LUIZA DE SOUZA<\/li>\n\n\n\n<li>NAURA TONIN ANGONESE &#8211; 2300052<\/li>\n\n\n\n<li>NELI GOMES DA ROCHA<\/li>\n\n\n\n<li>NIVALDO DOS SANTOS ARRUDA<\/li>\n\n\n\n<li>PATRICIA PAULA SCHELP &#8211; 1761163<\/li>\n\n\n\n<li>PAULO VINICIUS BAPTISTA DA SILVA &#8211; 2170452<\/li>\n\n\n\n<li>PRISCILA DO ROCIO OLIVEIRA DE SOUZA<\/li>\n\n\n\n<li>RENATA CRISTINA DA COSTA GOTARDO &#8211; 1749662<\/li>\n\n\n\n<li>RITA CRISTINA DE OLIVEIRA<\/li>\n\n\n\n<li>SANDRA MARIA CABRAL SOUZA DA SILVA &#8211; 1751477<\/li>\n\n\n\n<li>SILOE PAWE BISPO ADRIANO &#8211; 3006093<\/li>\n\n\n\n<li>SANCIARAY YARHA DA SILVA ROSA<\/li>\n\n\n\n<li>SERGIO MIGUEL JOSE<\/li>\n\n\n\n<li>SILVIA MARIA AMORIM LIMA &#8211; 1751462<\/li>\n\n\n\n<li>SOLANGE APARECIDA ROSA<\/li>\n\n\n\n<li>TANIA MARIA PACIFICO<\/li>\n\n\n\n<li>TATYANA SCHEILA FRIEDRICH &#8211; 2422149<\/li>\n\n\n\n<li>TAYSA SCHIOCCHET &#8211; 2283506<\/li>\n\n\n\n<li>THAIS CAROLINE RODRIGUES PENAS<\/li>\n\n\n\n<li>THIAGO RAFAEL MAZZAROLLO &#8211; 2344359<\/li>\n\n\n\n<li>VALERIA DOS SANTOS DE OLIVEIRA &#8211; 1837892<\/li>\n\n\n\n<li>WATENA FERREIRA N\u2019TCHALA<\/li>\n<\/ul>\n\n\n\n<p>II. Esta Portaria cessa os efeitos da <a href=\"https:\/\/progepe.ufpr.br\/portarias\/rt-2018-00538\/\" data-type=\"post\" data-id=\"75698\">Portaria n\u00ba 538\/REITORIA, de 25 de setembro de 2018<\/a>.<\/p>\n","protected":false},"excerpt":{"rendered":"<p>I. Designar para compor o cadastro de consultores para valida\u00e7\u00e3o de autodeclara\u00e7\u00e3o de candidatos pretos e pardos, os seguintes membros:  <!-- wp:list {\"fontSize\":\"small\"} \n\n<ul class=\"has-small-font-size\"><!-- wp:list-item {\"fontSize\":\"small\"} \n\n<li class=\"has-small-font-size\">ADILSON DE AMORIM<\/li>\n\n <!-- \/wp:list-item  <!-- wp:list-item {\"fontSize\":\"small\"} \n\n<li class=\"has-small-font-size\">ADRIANA INES DE PAULA - 1745830<\/li>\n\n <!-- \/wp:list-item  <!-- wp:list-item {\"fontSize\":\"small\"} \n\n<li class=\"has-small-font-size\">ANA PAULA NASCIMENTO LOUREN\u00c7O<\/li>\n\n <!-- \/wp:list-item  <!-- wp:list-item {\"fontSize\":\"small\"} \n\n<li class=\"has-small-font-size\">ANA LUCIA MATHIAS FERNANDES COELHO<\/li>\n\n <!-- \/wp:list-item  <!-- wp:list-item \n\n<li>ANGELA COUTO MACHADO FONSECA - 2306631<\/li>\n\n <!-- \/wp:list-item  <!-- wp:list-item \n\n<li>ANGELICA ROXINSKY DE CARVALHO<\/li>\n\n <!-- \/wp:list-item  <!-- wp:list-item \n\n<li>BRUNA GIMENES FERREIRA ARROYO POGGERE\n<\/p>\n","protected":false},"author":49,"featured_media":0,"comment_status":"closed","ping_status":"open","sticky":false,"template":"","format":"standard","meta":{"_acf_changed":false,"iawp_total_views":18,"footnotes":""},"categories":[117],"tags":[119],"class_list":["post-10740","post","type-post","status-publish","format-standard","hentry","category-rt","tag-diversos"],"acf":[],"_links":{"self":[{"href":"https:\/\/progepe.ufpr.br\/portarias\/wp-json\/wp\/v2\/posts\/10740","targetHints":{"allow":["GET"]}}],"collection":[{"href":"https:\/\/progepe.ufpr.br\/portarias\/wp-json\/wp\/v2\/posts"}],"about":[{"href":"https:\/\/progepe.ufpr.br\/portarias\/wp-json\/wp\/v2\/types\/post"}],"author":[{"embeddable":true,"href":"https:\/\/progepe.ufpr.br\/portarias\/wp-json\/wp\/v2\/users\/49"}],"replies":[{"embeddable":true,"href":"https:\/\/progepe.ufpr.br\/portarias\/wp-json\/wp\/v2\/comments?post=10740"}],"version-history":[{"count":9,"href":"https:\/\/progepe.ufpr.br\/portarias\/wp-json\/wp\/v2\/posts\/10740\/revisions"}],"predecessor-version":[{"id":255644,"href":"https:\/\/progepe.ufpr.br\/portarias\/wp-json\/wp\/v2\/posts\/10740\/revisions\/255644"}],"wp:attachment":[{"href":"https:\/\/progepe.ufpr.br\/portarias\/wp-json\/wp\/v2\/media?parent=10740"}],"wp:term":[{"taxonomy":"category","embeddable":true,"href":"https:\/\/progepe.ufpr.br\/portarias\/wp-json\/wp\/v2\/categories?post=10740"},{"taxonomy":"post_tag","embeddable":true,"href":"https:\/\/progepe.ufpr.br\/portarias\/wp-json\/wp\/v2\/tags?post=10740"}],"curies":[{"name":"wp","href":"https:\/\/api.w.org\/{rel}","templated":true}]}}