{"id":10749,"date":"2019-10-18T05:03:00","date_gmt":"2019-10-18T08:03:00","guid":{"rendered":"http:\/\/progepe.ufpr.br\/portal\/?post_type=portarias&#038;p=10749"},"modified":"2023-08-03T13:16:23","modified_gmt":"2023-08-03T16:16:23","slug":"rt-2019-00963","status":"publish","type":"post","link":"https:\/\/progepe.ufpr.br\/portarias\/rt-2019-00963\/","title":{"rendered":"PORTARIA N\u00ba 00963\/REITORIA, DE 15 DE OUTUBRO DE 2019"},"content":{"rendered":"\n<p><strong>O Reitor da Universidade Federal\ndo Paran\u00e1, <\/strong>no uso de suas\natribui\u00e7\u00f5es e tendo em vista o que consta no processo n\u00ba 23075.073993\/2019-89,<\/p>\n\n\n\n<p>RESOLVE:<\/p>\n\n\n\n<p>Designar para\ncompor comiss\u00e3o para adequar a Resolu\u00e7\u00e3o n\u00ba 02\/2001-COPLAD, a qual estabelece\nnormas e fixa crit\u00e9rios para afastamentos do pessoal t\u00e9cnico-administrativo da\nUFPR, tendo em vista o que consta no Decreto n\u00ba 9.991, de 28 de agosto de 2019,\nque disp\u00f5e sobre a Pol\u00edtica Nacional de Desenvolvimento de Pessoas (PNDP); e, a\nInstru\u00e7\u00e3o Normativa n\u00ba 201, de 11 de setembro de 2019, que disp\u00f5e sobre os\ncrit\u00e9rios e procedimentos espec\u00edficos para a implementa\u00e7\u00e3o da PNDP, os\nseguintes membros:<\/p>\n\n\n\n<p>CLAUDETE\nGUIMAR\u00c3ES DA SILVA &#8211; 3834012<\/p>\n\n\n\n<p>FERNANDA\nADELE ULIANA YOKOHAMA &#8211; 2327172<\/p>\n\n\n\n<p>JOSE\nOLIVIR DE FREITAS JUNIOR &#8211; 1847189<\/p>\n\n\n\n<p>PRISCILLA\nTOPOROWICZ DIDIMO &#8211; 1736967<\/p>\n\n\n\n<p>ELIAS\nSEBASTI\u00c3O TORRES DA SILVA &#8211; 1755143<\/p>\n\n\n\n<p style=\"text-align:right\">Ricardo\nMarcelo Fonseca<\/p>\n","protected":false},"excerpt":{"rendered":"<p>Designar para compor comiss\u00e3o para adequar a Resolu\u00e7\u00e3o n\u00ba 02\/2001-COPLAD, a qual estabelece normas e fixa crit\u00e9rios para afastamentos do pessoal t\u00e9cnico-administrativo da UFPR, tendo em vista o que consta no Decreto n\u00ba 9.991, de 28 de agosto de 2019, que disp\u00f5e sobre a Pol\u00edtica Nacional de Desenvolvimento de Pessoas (PNDP); e, a Instru\u00e7\u00e3o Normativa n\u00ba 201, de 11 de setembro de 2019, que disp\u00f5e sobre os crit\u00e9rios e procedimentos espec\u00edficos para a implementa\u00e7\u00e3o da PNDP, os seguintes membros:  CLAUDETE GUIMAR\u00c3ES DA SILVA &#8211; 3834012  FERNANDA ADELE ULIANA YOKOHAMA &#8211; 2327172  JOSE OLIVIR DE FREITAS<\/p>\n","protected":false},"author":49,"featured_media":0,"comment_status":"closed","ping_status":"closed","sticky":false,"template":"","format":"standard","meta":{"_acf_changed":false,"iawp_total_views":0,"footnotes":""},"categories":[117],"tags":[124],"class_list":["post-10749","post","type-post","status-publish","format-standard","hentry","category-rt","tag-comissao"],"acf":[],"_links":{"self":[{"href":"https:\/\/progepe.ufpr.br\/portarias\/wp-json\/wp\/v2\/posts\/10749","targetHints":{"allow":["GET"]}}],"collection":[{"href":"https:\/\/progepe.ufpr.br\/portarias\/wp-json\/wp\/v2\/posts"}],"about":[{"href":"https:\/\/progepe.ufpr.br\/portarias\/wp-json\/wp\/v2\/types\/post"}],"author":[{"embeddable":true,"href":"https:\/\/progepe.ufpr.br\/portarias\/wp-json\/wp\/v2\/users\/49"}],"replies":[{"embeddable":true,"href":"https:\/\/progepe.ufpr.br\/portarias\/wp-json\/wp\/v2\/comments?post=10749"}],"version-history":[{"count":1,"href":"https:\/\/progepe.ufpr.br\/portarias\/wp-json\/wp\/v2\/posts\/10749\/revisions"}],"predecessor-version":[{"id":190671,"href":"https:\/\/progepe.ufpr.br\/portarias\/wp-json\/wp\/v2\/posts\/10749\/revisions\/190671"}],"wp:attachment":[{"href":"https:\/\/progepe.ufpr.br\/portarias\/wp-json\/wp\/v2\/media?parent=10749"}],"wp:term":[{"taxonomy":"category","embeddable":true,"href":"https:\/\/progepe.ufpr.br\/portarias\/wp-json\/wp\/v2\/categories?post=10749"},{"taxonomy":"post_tag","embeddable":true,"href":"https:\/\/progepe.ufpr.br\/portarias\/wp-json\/wp\/v2\/tags?post=10749"}],"curies":[{"name":"wp","href":"https:\/\/api.w.org\/{rel}","templated":true}]}}